{"id":58112,"date":"2023-07-29T12:47:00","date_gmt":"2023-07-29T17:47:00","guid":{"rendered":"http:\/\/www.zonaroja.com.mx\/?p=58112"},"modified":"2023-07-29T17:14:38","modified_gmt":"2023-07-29T22:14:38","slug":"suman-tres-mexicanos-desaparecidos-en-el-extranjero-entre-ellos-el-oaxaqueno","status":"publish","type":"post","link":"https:\/\/zonaroja.com.mx\/?p=58112","title":{"rendered":"Suman tres mexicanos desaparecidos en el extranjero, entre ellos el oaxaque\u00f1o"},"content":{"rendered":"\n<p>Redacci\u00f3n\/Zona Roja Cdmx.<\/p>\n\n\n\n<p>Ciudad de M\u00e9xico, a 29 de julio de 2023.- La desaparici\u00f3n de Mar\u00eda Fernanda S\u00e1nchez, en Alemania, se dio a conocer hace unos d\u00edas y a ella se suman dos mexicanos, de quienes se perdi\u00f3 su rastro en el extranjero.<\/p>\n\n\n\n<p>A este caso se suman los de dos hombres: Carlos Aranda, quien desapareci\u00f3 en Canad\u00e1, y Jos\u00e9 Esquivel, en Bruselas, este \u00faltimo localizado hoy s\u00e1bado. <\/p>\n\n\n\n<p>EN B\u00c9LGICA<\/p>\n\n\n\n<p>Jos\u00e9 Esquivel Franco, de 35 a\u00f1os, fue visto por \u00faltima vez en la estaci\u00f3n del Metro de Maelbeck, seg\u00fan una publicaci\u00f3n en redes sociales.<\/p>\n\n\n\n<p>Su hermano, C\u00e9sar, detall\u00f3 que ya est\u00e1 en contacto con la embajada mexicana, aunque no han recibido ning\u00fan apoyo y, por lo tanto, no se ha difundido ninguna ficha de b\u00fasqueda.<\/p>\n\n\n\n<p>Seg\u00fan los mismos datos que comparti\u00f3 su familiar, Jos\u00e9 fue detenido por la polic\u00eda de Bruselas debido a un incidente que ocurri\u00f3 el 13 de julio, por lo que fue trasladado a un hospital. <\/p>\n\n\n\n<p>De \u00faltima hora se inform\u00f3 que este s\u00e1bado fue localizado aunque no se han dado mayores detalles de ello. <\/p>\n\n\n\n<p>EN CANAD\u00c1<\/p>\n\n\n\n<p>El oaxaque\u00f1o lleg\u00f3 a trabajar a Canad\u00e1 desde hace un mes y fue visto por \u00faltima vez en Brar Fruit Stand &amp; Orchant, en Columbia Brit\u00e1nica.<\/p>\n\n\n\n<p>El Consulado de M\u00e9xico en Vancouver, inform\u00f3 en un comunicado que el encargado de protecci\u00f3n a mexicanos viaj\u00f3 a Osoyoos para ofrecer acompa\u00f1amiento directo al padre de Carlos.<\/p>\n\n\n\n<p>De esa forma, la embajada de M\u00e9xico en Canad\u00e1 y el Consulado General contin\u00faan trabajando con las autoridades canadienses y los familiares de Carlos para encontrarlo.<\/p>\n\n\n\n<p>EN ALEMANIA<\/p>\n\n\n\n<p>El caso de Mar\u00eda Fernanda S\u00e1nchez se dio a conocer hace unos d\u00edas y se sabe que dej\u00f3 de tener contacto con su familia desde el 22 de julio.<\/p>\n\n\n\n<p>La queretana estaba estudiando una maestr\u00eda en Berl\u00edn, Alemania, donde la embajada inform\u00f3 que est\u00e1 colaborando para encontrarla.<\/p>\n\n\n\n<p>La joven, de 24 a\u00f1os, egresada del Tecnol\u00f3gico de Monterrey, sali\u00f3 de su departamento en B\u00fcchnerweg para presuntamente acudir a una reuni\u00f3n; sin embargo, no regres\u00f3, inform\u00f3 la polic\u00eda de Berl\u00edn.<\/p>\n\n\n\n<p>(Informaci\u00f3n de \u201cEl Financiero\u201d)<\/p>\n","protected":false},"excerpt":{"rendered":"<p>Redacci\u00f3n\/Zona Roja Cdmx. Ciudad de M\u00e9xico, a 29 de julio de 2023.- La desaparici\u00f3n de&hellip;<\/p>\n","protected":false},"author":2,"featured_media":58107,"comment_status":"closed","ping_status":"open","sticky":false,"template":"","format":"standard","meta":{"_lmt_disableupdate":"","_lmt_disable":"","_jetpack_memberships_contains_paid_content":false,"footnotes":""},"categories":[109,47],"tags":[3627],"class_list":["post-58112","post","type-post","status-publish","format-standard","has-post-thumbnail","hentry","category-minuto-a-minuto","category-zona-gris","tag-mexicanos-desaparecidos-en-el-extranjero"],"jetpack_featured_media_url":"https:\/\/zonaroja.com.mx\/wp-content\/uploads\/2023\/07\/Mexicanos-desaparecidos-en-el-extranjero.jpeg","jetpack_sharing_enabled":true,"_links":{"self":[{"href":"https:\/\/zonaroja.com.mx\/index.php?rest_route=\/wp\/v2\/posts\/58112","targetHints":{"allow":["GET"]}}],"collection":[{"href":"https:\/\/zonaroja.com.mx\/index.php?rest_route=\/wp\/v2\/posts"}],"about":[{"href":"https:\/\/zonaroja.com.mx\/index.php?rest_route=\/wp\/v2\/types\/post"}],"author":[{"embeddable":true,"href":"https:\/\/zonaroja.com.mx\/index.php?rest_route=\/wp\/v2\/users\/2"}],"replies":[{"embeddable":true,"href":"https:\/\/zonaroja.com.mx\/index.php?rest_route=%2Fwp%2Fv2%2Fcomments&post=58112"}],"version-history":[{"count":3,"href":"https:\/\/zonaroja.com.mx\/index.php?rest_route=\/wp\/v2\/posts\/58112\/revisions"}],"predecessor-version":[{"id":58135,"href":"https:\/\/zonaroja.com.mx\/index.php?rest_route=\/wp\/v2\/posts\/58112\/revisions\/58135"}],"wp:featuredmedia":[{"embeddable":true,"href":"https:\/\/zonaroja.com.mx\/index.php?rest_route=\/wp\/v2\/media\/58107"}],"wp:attachment":[{"href":"https:\/\/zonaroja.com.mx\/index.php?rest_route=%2Fwp%2Fv2%2Fmedia&parent=58112"}],"wp:term":[{"taxonomy":"category","embeddable":true,"href":"https:\/\/zonaroja.com.mx\/index.php?rest_route=%2Fwp%2Fv2%2Fcategories&post=58112"},{"taxonomy":"post_tag","embeddable":true,"href":"https:\/\/zonaroja.com.mx\/index.php?rest_route=%2Fwp%2Fv2%2Ftags&post=58112"}],"curies":[{"name":"wp","href":"https:\/\/api.w.org\/{rel}","templated":true}]}}