{"id":58119,"date":"2023-07-29T13:00:00","date_gmt":"2023-07-29T18:00:00","guid":{"rendered":"http:\/\/www.zonaroja.com.mx\/?p=58119"},"modified":"2023-07-29T08:11:43","modified_gmt":"2023-07-29T13:11:43","slug":"edil-de-xoxocotlan-reafirman-unidad-y-compromiso-con-sindicalizados","status":"publish","type":"post","link":"https:\/\/zonaroja.com.mx\/?p=58119","title":{"rendered":"Edil de Xoxocotl\u00e1n reafirman unidad y compromiso con sindicalizados"},"content":{"rendered":"\n<p>Redacci\u00f3n\/Zona Roja.<\/p>\n\n\n\n<p>Oaxaca de Ju\u00e1rez, Oax., 29 julio de 2023- El presidente municipal de Santa Cruz Xoxocotl\u00e1n, Inocente Castellanos Alejos, reconoci\u00f3 la enorme aportaci\u00f3n que realizan las y los integrantes del Sindicato \u00danico de Trabajadores al Servicio del Honorable Ayuntamiento de Santa Cruz Xoxocotl\u00e1n (Sutxoxo), al desarrollo de la poblaci\u00f3n y el empe\u00f1o y esp\u00edritu de servicio que les caracteriza en las tareas que realizan dentro del gobierno municipal.<\/p>\n\n\n\n<p>En el marco del 26 aniversario de la fundaci\u00f3n de ese gremio, el doctor \u201cChente\u201d Castellanos manifest\u00f3 su respeto &nbsp;y agradecimiento por la disposici\u00f3n del personal sindicalizado para hacer equipo con la autoridad que representa.<\/p>\n\n\n\n<p>\u00abMe siento muy satisfecho porque en el tiempo que llevo al frente de la administraci\u00f3n, hemos logrado establecer una relaci\u00f3n respetuosa, en la que ha prevalecido nuestro amor a Xoxo y el inter\u00e9s porque nuestra comunidad progrese\u00bb, dijo el edil.<\/p>\n\n\n\n<p>Sin menoscabo al compromiso mostrado por quienes laboran en la administraci\u00f3n municipal, el primer concejal resalt\u00f3 el desempe\u00f1o del personal del \u00e1rea de Servicios Municipales que ha sabido enfrentar, atender el problema de la basura provocado por el cierre del tiradero de Zaachila y que afecta a m\u00e1s de 20 municipios.<\/p>\n\n\n\n<p>\u201cUstedes y nosotros lo hemos hecho bien y lo haremos mejor por Xoxo, porque unidos avanzamos todos. Mientras yo sea presidente ustedes tienen garant\u00eda de recibir mi respeto y apoyo\u201d, finaliz\u00f3.<\/p>\n\n\n\n<p>Previo a la convivencia, las y los integrantes del Sutxoxo, acompa\u00f1ados por el mun\u00edcipe y su secretario general, Francisco Jes\u00fas Z\u00e1rate V\u00e1squez, asistieron a una misa que se ofreci\u00f3 con motivo del aniversario de esa gremial en la Parroquia de Santa Elena de la Cruz.<\/p>\n\n\n\n<p>En la celebraci\u00f3n, \u201cChente\u201d Castellanos estuvo acompa\u00f1ado por el presidente honorario del DIF Xococotl\u00e1n, Eric Ortiz Hern\u00e1ndez, as\u00ed como las y los regidores de Equidad y G\u00e9nero, Alina Ram\u00edrez Ramos; de Turismo, Rosa Castellanos Betanzos; Emilio Cruz Jacinto, de Atenci\u00f3n al Migrante y Asuntos Internacionales.<\/p>\n\n\n\n<figure class=\"wp-block-embed is-type-rich is-provider-twitter wp-block-embed-twitter\"><div class=\"wp-block-embed__wrapper\">\n<div class=\"twitter-tweet\"><blockquote class=\"twitter-tweet\" data-lang=\"es\"><p lang=\"es\" dir=\"ltr\">El presidente municipal de <a href=\"https:\/\/twitter.com\/GobXoxocotlan?ref_src=twsrc%5Etfw\">@GobXoxocotlan<\/a>, <a href=\"https:\/\/twitter.com\/DrCCastellanos?ref_src=twsrc%5Etfw\">@DrCCastellanos<\/a>, encabez\u00f3 la celebraci\u00f3n por el 26 aniversario de fundaci\u00f3n del Sindicato Unico de Trabajadores al Servicio del H. Ayuntamiento de Santa Cruz Xoxocotl\u00e1n. <br>\u201cEste gobierno es aliado de las y los trabajadores\u201d, dijo el edil. <a href=\"https:\/\/t.co\/ch7C6rv150\">pic.twitter.com\/ch7C6rv150<\/a><\/p>&mdash; Zona Roja Oaxaca (@ZonaRoja_Oaxaca) <a href=\"https:\/\/twitter.com\/ZonaRoja_Oaxaca\/status\/1685071126022545411?ref_src=twsrc%5Etfw\">28 de julio de 2023<\/a><\/blockquote><\/div>\n<\/div><\/figure>\n","protected":false},"excerpt":{"rendered":"<p>Redacci\u00f3n\/Zona Roja. Oaxaca de Ju\u00e1rez, Oax., 29 julio de 2023- El presidente municipal de Santa&hellip;<\/p>\n","protected":false},"author":2,"featured_media":58115,"comment_status":"closed","ping_status":"open","sticky":false,"template":"","format":"standard","meta":{"_lmt_disableupdate":"","_lmt_disable":"","_jetpack_memberships_contains_paid_content":false,"footnotes":""},"categories":[109,46],"tags":[133],"class_list":["post-58119","post","type-post","status-publish","format-standard","has-post-thumbnail","hentry","category-minuto-a-minuto","category-zona-blanca","tag-santa-cruz-xoxocotlan"],"jetpack_featured_media_url":"https:\/\/zonaroja.com.mx\/wp-content\/uploads\/2023\/07\/Santa-Cruz-Xoxocotlan-y-trabajadores.jpg","jetpack_sharing_enabled":true,"_links":{"self":[{"href":"https:\/\/zonaroja.com.mx\/index.php?rest_route=\/wp\/v2\/posts\/58119","targetHints":{"allow":["GET"]}}],"collection":[{"href":"https:\/\/zonaroja.com.mx\/index.php?rest_route=\/wp\/v2\/posts"}],"about":[{"href":"https:\/\/zonaroja.com.mx\/index.php?rest_route=\/wp\/v2\/types\/post"}],"author":[{"embeddable":true,"href":"https:\/\/zonaroja.com.mx\/index.php?rest_route=\/wp\/v2\/users\/2"}],"replies":[{"embeddable":true,"href":"https:\/\/zonaroja.com.mx\/index.php?rest_route=%2Fwp%2Fv2%2Fcomments&post=58119"}],"version-history":[{"count":1,"href":"https:\/\/zonaroja.com.mx\/index.php?rest_route=\/wp\/v2\/posts\/58119\/revisions"}],"predecessor-version":[{"id":58120,"href":"https:\/\/zonaroja.com.mx\/index.php?rest_route=\/wp\/v2\/posts\/58119\/revisions\/58120"}],"wp:featuredmedia":[{"embeddable":true,"href":"https:\/\/zonaroja.com.mx\/index.php?rest_route=\/wp\/v2\/media\/58115"}],"wp:attachment":[{"href":"https:\/\/zonaroja.com.mx\/index.php?rest_route=%2Fwp%2Fv2%2Fmedia&parent=58119"}],"wp:term":[{"taxonomy":"category","embeddable":true,"href":"https:\/\/zonaroja.com.mx\/index.php?rest_route=%2Fwp%2Fv2%2Fcategories&post=58119"},{"taxonomy":"post_tag","embeddable":true,"href":"https:\/\/zonaroja.com.mx\/index.php?rest_route=%2Fwp%2Fv2%2Ftags&post=58119"}],"curies":[{"name":"wp","href":"https:\/\/api.w.org\/{rel}","templated":true}]}}