{"id":58121,"date":"2023-07-29T15:00:00","date_gmt":"2023-07-29T20:00:00","guid":{"rendered":"http:\/\/www.zonaroja.com.mx\/?p=58121"},"modified":"2023-07-29T08:20:25","modified_gmt":"2023-07-29T13:20:25","slug":"promueve-poder-judicial-cultura-de-legalidad-con-el-podcast-hablemos-justamente","status":"publish","type":"post","link":"https:\/\/zonaroja.com.mx\/?p=58121","title":{"rendered":"Promueve Poder Judicial cultura de legalidad\u00a0con el\u00a0podcast\u00a0\u201cHablemos\u00a0Justamente\u201d"},"content":{"rendered":"\n<p>Redacci\u00f3n\/Zona Roja.<\/p>\n\n\n\n<p>Oaxaca de Ju\u00e1rez, Oax., a 29 de julio de 2023.- \u201cHablemos&nbsp;Justamente\u201d, el podcast del Poder Judicial del Estado producido en colaboraci\u00f3n&nbsp;con la Corporaci\u00f3n Oaxaque\u00f1a de Radio y Televisi\u00f3n (Cortv),&nbsp;inici\u00f3 su segunda temporada de transmisiones, en el inter\u00e9s de&nbsp;continuar con su funci\u00f3n de&nbsp;establecer v\u00ednculos&nbsp;m\u00e1s cercanos&nbsp;con la sociedad, promover la cultura de la&nbsp;legalidad y temas actuales sobre la administraci\u00f3n&nbsp;e impartici\u00f3n&nbsp;de la justicia.<\/p>\n\n\n\n<p>El magistrado decano del Tribunal Superior de Justicia&nbsp;e integrante de la Primera Sala Civil, Crescencio Mart\u00ednez&nbsp;Geminiano,&nbsp;abri\u00f3 esta nueva serie de programas, donde comparti\u00f3 sus experiencias como abogado y su trayectoria profesional en&nbsp;la instituci\u00f3n,&nbsp;resaltando la importancia y el papel de jueces, juezas, magistrados y magistradas dentro de un procedimiento judicial y la sensibilidad que deben tener&nbsp;para tratar diversos asuntos.&nbsp;<\/p>\n\n\n\n<p>\u201cAl abogado le corresponde devolver lo que adquiri\u00f3 en la Universidad a la comunidad en la que se desenvuelve\u201d, subray\u00f3 el&nbsp;jurista&nbsp;quien ha realizado estudios en la Escuela Judicial&nbsp;Espa\u00f1ola y&nbsp;obtenidos certificados&nbsp;de participaci\u00f3n en cursos relacionados con el&nbsp;Sistema&nbsp;Acusatorio oral en Temuco, Chile, y en Pereira, Colombia.&nbsp;<\/p>\n\n\n\n<p>Tambi\u00e9n se ha&nbsp;destacado como docente y formador en el sistema acusatorio en varios estados de&nbsp;la rep\u00fablica mexicana, como Campeche, Colima, Jalisco, Tabasco, Yucat\u00e1n y&nbsp;Quintana Roo. Adem\u00e1s, ha sido un conferenciante activo en la difusi\u00f3n de los juicios orales,&nbsp;particip\u00f3 en la redacci\u00f3n del&nbsp;C\u00f3digo Modelo de Juicios&nbsp;Orales para los estados de la Rep\u00fablica&nbsp;y presidi\u00f3 la Comisi\u00f3n Redactora del&nbsp;C\u00f3digo Procesal Penal para el Estado de Oaxaca.<\/p>\n\n\n\n<p>El Poder Judicial del Estado invita la sociedad en general a escuchar&nbsp;la participaci\u00f3n del destacado magistrado en&nbsp;el Podcast \u201cHablemos Justamente\u201d, que recientemente cumpli\u00f3 un a\u00f1o de transmisiones&nbsp;y en esta segunda etapa de programas aborda tambi\u00e9n temas como el funcionamiento del Laboratorio de Gen\u00e9tica Molecular,&nbsp;el embargo&nbsp;y las transferencias electr\u00f3nicas.<\/p>\n\n\n\n<p>Los&nbsp;episodios&nbsp;de&nbsp;este ejercicio de comunicaci\u00f3n, se encuentran&nbsp;en las plataformas digitales de Spotify con enlace directo en&nbsp;https:\/\/open.spotify.com\/show\/5dYwaeC9J1VaUgIOHceURx&nbsp;y Souncloud en&nbsp;https:\/\/soundcloud.com\/hablemosjustamente.<\/p>\n","protected":false},"excerpt":{"rendered":"<p>Redacci\u00f3n\/Zona Roja. Oaxaca de Ju\u00e1rez, Oax., a 29 de julio de 2023.- \u201cHablemos&nbsp;Justamente\u201d, el podcast&hellip;<\/p>\n","protected":false},"author":2,"featured_media":58122,"comment_status":"closed","ping_status":"open","sticky":false,"template":"","format":"standard","meta":{"_lmt_disableupdate":"","_lmt_disable":"","_jetpack_memberships_contains_paid_content":false,"footnotes":""},"categories":[109,46],"tags":[223],"class_list":["post-58121","post","type-post","status-publish","format-standard","has-post-thumbnail","hentry","category-minuto-a-minuto","category-zona-blanca","tag-poder-judicial-de-oaxaca"],"jetpack_featured_media_url":"https:\/\/zonaroja.com.mx\/wp-content\/uploads\/2023\/07\/Podcasta-Hablemos-Claro-Poder-Judicial.png","jetpack_sharing_enabled":true,"_links":{"self":[{"href":"https:\/\/zonaroja.com.mx\/index.php?rest_route=\/wp\/v2\/posts\/58121","targetHints":{"allow":["GET"]}}],"collection":[{"href":"https:\/\/zonaroja.com.mx\/index.php?rest_route=\/wp\/v2\/posts"}],"about":[{"href":"https:\/\/zonaroja.com.mx\/index.php?rest_route=\/wp\/v2\/types\/post"}],"author":[{"embeddable":true,"href":"https:\/\/zonaroja.com.mx\/index.php?rest_route=\/wp\/v2\/users\/2"}],"replies":[{"embeddable":true,"href":"https:\/\/zonaroja.com.mx\/index.php?rest_route=%2Fwp%2Fv2%2Fcomments&post=58121"}],"version-history":[{"count":1,"href":"https:\/\/zonaroja.com.mx\/index.php?rest_route=\/wp\/v2\/posts\/58121\/revisions"}],"predecessor-version":[{"id":58123,"href":"https:\/\/zonaroja.com.mx\/index.php?rest_route=\/wp\/v2\/posts\/58121\/revisions\/58123"}],"wp:featuredmedia":[{"embeddable":true,"href":"https:\/\/zonaroja.com.mx\/index.php?rest_route=\/wp\/v2\/media\/58122"}],"wp:attachment":[{"href":"https:\/\/zonaroja.com.mx\/index.php?rest_route=%2Fwp%2Fv2%2Fmedia&parent=58121"}],"wp:term":[{"taxonomy":"category","embeddable":true,"href":"https:\/\/zonaroja.com.mx\/index.php?rest_route=%2Fwp%2Fv2%2Fcategories&post=58121"},{"taxonomy":"post_tag","embeddable":true,"href":"https:\/\/zonaroja.com.mx\/index.php?rest_route=%2Fwp%2Fv2%2Ftags&post=58121"}],"curies":[{"name":"wp","href":"https:\/\/api.w.org\/{rel}","templated":true}]}}