{"id":58128,"date":"2023-07-29T18:40:00","date_gmt":"2023-07-29T23:40:00","guid":{"rendered":"http:\/\/www.zonaroja.com.mx\/?p=58128"},"modified":"2023-07-29T08:45:04","modified_gmt":"2023-07-29T13:45:04","slug":"exige-mariana-benitez-justicia-por-detencion-y-discriminacion-de-la-gn-contra-mujeres-afros-de-oaxaca","status":"publish","type":"post","link":"https:\/\/zonaroja.com.mx\/?p=58128","title":{"rendered":"Exige Mariana Ben\u00edtez justicia por detenci\u00f3n y discriminaci\u00f3n de la GN contra mujeres Afros de Oaxaca"},"content":{"rendered":"\n<p>Yuridiana Sosa\/Zona Roja.<\/p>\n\n\n\n<p>Oaxaca de Ju\u00e1rez, Oax., a 29 de julio de 2023.- Desde el Congreso de Oaxaca, la diputada Mariana Ben\u00edtez Tiburcio, demand\u00f3 a las autoridades federales una investigaci\u00f3n y sanciones por los actos de discriminaci\u00f3n que sufri\u00f3 un grupo de mujeres afrodescendientes de Oaxaca y Guerrero por elementos de la Guardia Nacional al confundirlas, supuestamente, con migrantes.\u00a0<\/p>\n\n\n\n<p>En tribuna, al recordar la importancia del \u201cD\u00eda Internacional de la Mujer Afrodescendiente\u201d, que se conmemora cada 25 de julio, la legisladora se\u00f1al\u00f3 que el acto por parte de las fuerzas federales solo demuestra el racismo sistem\u00e1tico de las autoridades, quienes llevaron a cabo su retenci\u00f3n en un lugar donde no exist\u00eda se\u00f1al para que pudieran pedir ayuda inmediata.<\/p>\n\n\n\n<p>El hecho ocurri\u00f3 el pasado 22 de julio cuando las mujeres, a bordo de una unidad de transporte se trasladaban de la Costa a la poblaci\u00f3n de Tamiahua, Veracruz, para el S\u00e9ptimo Encuentro Nacional e Internacional de Mujeres Afromexicanas.<\/p>\n\n\n\n<p>Las mujeres, tambi\u00e9n integrantes de la Asociaci\u00f3n de Mujeres de la Costa de Oaxaca (AMCO) fueron retenidas por varias horas a pesar de demostrar con sus identificaciones su nacionalidad.&nbsp;<\/p>\n\n\n\n<p>Ante el suceso, y otros m\u00e1s que representan graves violaciones a derechos humanos y hasta feminicidios, Ben\u00edtez Tiburcio demand\u00f3 justicia para la comunidad afrodescendiente de Oaxaca.<\/p>\n\n\n\n<p>FALTA EQUIDAD<\/p>\n\n\n\n<p>La legisladora se\u00f1al\u00f3 que, pese a algunos avances en materia de reconocimiento de los pueblos afrodescendientes, faltan garant\u00edas para incluir a las mujeres en el escenario pol\u00edtico.<\/p>\n\n\n\n<p>Destac\u00f3 que los avances en leyes son pocos frente a los desaf\u00edos que a\u00fan enfrentan, pues no hay medidas legales suficientes para su participaci\u00f3n en la pol\u00edtica, pues los partidos pol\u00edticos tampoco incluyen en sus estatutos que las mujeres afros puedan aspirar a una elecci\u00f3n popular como s\u00ed ocurre con la poblaci\u00f3n ind\u00edgena.&nbsp;<\/p>\n\n\n\n<p>En ese contexto, la diputada destac\u00f3 que el D\u00eda Internacional de las Mujeres Afrodescendientes, es para rendir homenaje a esa doble lucha contra la discriminaci\u00f3n racial y de g\u00e9nero, contribuyendo desde sus \u00e1mbitos laborales a forjar sociedades m\u00e1s justas y equitativas, generando cambios y luchando contra la violencia, el sexismo y la exclusi\u00f3n.\u00a0<\/p>\n\n\n\n<p>Agreg\u00f3 que en la labor legislativa se debe tener presente que la Asamblea General de la ONU mediante la resoluci\u00f3n 68\/237 proclam\u00f3 el 2015-2024 como el Decenio Internacional de las personas Afrodescendientes, a fin de que destacar la necesidad de fortalecer los esfuerzos para que la poblaci\u00f3n de afrodescendiente disfrute de sus derechos econ\u00f3micos, sociales, culturales, civiles y pol\u00edticos.<\/p>\n","protected":false},"excerpt":{"rendered":"<p>Yuridiana Sosa\/Zona Roja. Oaxaca de Ju\u00e1rez, Oax., a 29 de julio de 2023.- Desde el&hellip;<\/p>\n","protected":false},"author":2,"featured_media":58129,"comment_status":"closed","ping_status":"open","sticky":false,"template":"","format":"standard","meta":{"_lmt_disableupdate":"","_lmt_disable":"","_jetpack_memberships_contains_paid_content":false,"footnotes":""},"categories":[109,46],"tags":[2969],"class_list":["post-58128","post","type-post","status-publish","format-standard","has-post-thumbnail","hentry","category-minuto-a-minuto","category-zona-blanca","tag-mariana-benitez-tiburcio"],"jetpack_featured_media_url":"https:\/\/zonaroja.com.mx\/wp-content\/uploads\/2023\/07\/Mariana-Benitez-T.png","jetpack_sharing_enabled":true,"_links":{"self":[{"href":"https:\/\/zonaroja.com.mx\/index.php?rest_route=\/wp\/v2\/posts\/58128","targetHints":{"allow":["GET"]}}],"collection":[{"href":"https:\/\/zonaroja.com.mx\/index.php?rest_route=\/wp\/v2\/posts"}],"about":[{"href":"https:\/\/zonaroja.com.mx\/index.php?rest_route=\/wp\/v2\/types\/post"}],"author":[{"embeddable":true,"href":"https:\/\/zonaroja.com.mx\/index.php?rest_route=\/wp\/v2\/users\/2"}],"replies":[{"embeddable":true,"href":"https:\/\/zonaroja.com.mx\/index.php?rest_route=%2Fwp%2Fv2%2Fcomments&post=58128"}],"version-history":[{"count":1,"href":"https:\/\/zonaroja.com.mx\/index.php?rest_route=\/wp\/v2\/posts\/58128\/revisions"}],"predecessor-version":[{"id":58130,"href":"https:\/\/zonaroja.com.mx\/index.php?rest_route=\/wp\/v2\/posts\/58128\/revisions\/58130"}],"wp:featuredmedia":[{"embeddable":true,"href":"https:\/\/zonaroja.com.mx\/index.php?rest_route=\/wp\/v2\/media\/58129"}],"wp:attachment":[{"href":"https:\/\/zonaroja.com.mx\/index.php?rest_route=%2Fwp%2Fv2%2Fmedia&parent=58128"}],"wp:term":[{"taxonomy":"category","embeddable":true,"href":"https:\/\/zonaroja.com.mx\/index.php?rest_route=%2Fwp%2Fv2%2Fcategories&post=58128"},{"taxonomy":"post_tag","embeddable":true,"href":"https:\/\/zonaroja.com.mx\/index.php?rest_route=%2Fwp%2Fv2%2Ftags&post=58128"}],"curies":[{"name":"wp","href":"https:\/\/api.w.org\/{rel}","templated":true}]}}