{"id":5813,"date":"2019-11-17T07:44:42","date_gmt":"2019-11-17T13:44:42","guid":{"rendered":"http:\/\/www.zonaroja.com.mx\/?p=5813"},"modified":"2019-11-17T07:44:44","modified_gmt":"2019-11-17T13:44:44","slug":"mexico-ya-ocupa-el-primer-lugar-en-asesinato-de-periodistas","status":"publish","type":"post","link":"https:\/\/zonaroja.com.mx\/?p=5813","title":{"rendered":"M\u00e9xico ya ocupa el primer lugar en asesinato de periodistas"},"content":{"rendered":"\n<p>Redacci\u00f3n\/Zona\nRoja Cdmx.<\/p>\n\n\n\n<p>Ciudad de\nM\u00e9xico, 17 de noviembre de 2019.- Con 13 comunicadores ultimados en este a\u00f1o,\nM\u00e9xico ya ocupa el primer lugar mundial en asesinato de periodistas, seg\u00fan el Comit\u00e9\npara la Protecci\u00f3n de los Periodistas.<\/p>\n\n\n\n<p>Un recuento\nde la Comisi\u00f3n Nacional de Derechos Humanos (CNDH), al con corte al 31 de\noctubre, indica que en M\u00e9xico suman 153 periodistas asesinados en 19 a\u00f1os, han\ndesaparecido otros 21, y la administraci\u00f3n con m\u00e1s casos fue la de Enrique Pe\u00f1a\nNieto, con 59 comunicadores muertos. <\/p>\n\n\n\n<p>De acuerdo\ncon lo publicado por el diario \u201cEl Universal\u201d, el \u00faltimo caso del que dio\ncuenta la comisi\u00f3n tuvo lugar el 24 de agosto, cuando fue encontrado el cuerpo\nde Nevith Cond\u00e9s Jaramillo afuera de su domicilio, en Tejupilco, Estado de\nM\u00e9xico. <\/p>\n\n\n\n<p>La CNDH toma\nen cuenta cuatro homicidios ocurridos en el a\u00f1o 2000, durante el sexenio de\nErnesto Zedillo. Luego, en las administraciones panistas de Vicente Fox Quesada\ny Felipe Calder\u00f3n Hinojosa, se asesinaron a 81 comunicadores, 25 y 52,\nrespectivamente. <\/p>\n\n\n\n<p>En la\nadministraci\u00f3n de Calder\u00f3n, en 2009, se dio la primera cifra m\u00e1s alta de\nviolencia: 12 periodistas muertos al a\u00f1o. Luego vino el alcance de esa cifra,\ncon 12 casos en 2015, ya en el gobierno priista de Enrique Pe\u00f1a Nieto; y el\nrebase de la misma, en 2016, cuando los asesinatos de periodistas rebasaron hasta\n13 en ese a\u00f1o. <\/p>\n\n\n\n<p>Al a\u00f1o\nsiguiente, 2017, mataron a 10 periodistas m\u00e1s, entre ellos, Miroslava Breach,\ncorresponsal de los diarios \u201cLa Jornada\u201d y \u201cEl Norte\u201d, mientras esperaba a su\nhijo para llevarlo a la escuela, el 23 de marzo. <\/p>\n\n\n\n<p>Semanas\ndespu\u00e9s, los medios reportaron otro asesinato que cimbr\u00f3 al gremio\nperiod\u00edstico: el de Javier Valdez C\u00e1rdenas, editor del semanario \u201cR\u00edodoce\u201d y a\nquien el crimen organizado hab\u00eda amenazado de muerte en m\u00e1s de una ocasi\u00f3n.<\/p>\n\n\n\n<p>Durante el\nsexenio de Vicente Fox, la CNDH recibi\u00f3 182 quejas por agravios, ataques y\namenazas hacia periodistas; en la administraci\u00f3n de Felipe Calder\u00f3n se\nrecibieron 522 quejas, y con Enrique Pe\u00f1a, 520. <\/p>\n\n\n\n<p>El mismo\nmi\u00e9rcoles, cuando Rosario Piedra Ibarra tom\u00f3 protesta, la organizaci\u00f3n\nPeriodistas Desplazados M\u00e9xico present\u00f3 una queja ante la comisi\u00f3n contra la\nreci\u00e9n nombrada presidenta. <\/p>\n\n\n\n<p>El grupo\nconsider\u00f3 como \u201clamentable\u201d la declaraci\u00f3n que hizo Piedra Ibarra sobre los\nasesinatos de periodistas en M\u00e9xico que, de acuerdo con el Comit\u00e9 para la\nProtecci\u00f3n de los Periodistas (CPJ, por sus siglas en ingl\u00e9s), es el pa\u00eds con\nmayor n\u00famero de casos en 2019. <\/p>\n\n\n\n<p>Seg\u00fan\npublic\u00f3 \u201cEl Universal\u201d, el pasado 30 de octubre, el \u00cdndice Global de la\nImpunidad del CPJ, nombr\u00f3 de nuevo a M\u00e9xico como uno de los peores pa\u00edses para\nejercer el periodismo, pues los niveles de impunidad en cada caso de amenaza y\nasesinato empeoraron desde 2008.<\/p>\n","protected":false},"excerpt":{"rendered":"<p>Redacci\u00f3n\/Zona Roja Cdmx. Ciudad de M\u00e9xico, 17 de noviembre de 2019.- Con 13 comunicadores ultimados&hellip;<\/p>\n","protected":false},"author":2,"featured_media":5814,"comment_status":"closed","ping_status":"open","sticky":false,"template":"","format":"standard","meta":{"_lmt_disableupdate":"","_lmt_disable":"","_jetpack_memberships_contains_paid_content":false,"footnotes":""},"categories":[109,51],"tags":[1016],"class_list":["post-5813","post","type-post","status-publish","format-standard","has-post-thumbnail","hentry","category-minuto-a-minuto","category-zona-roja","tag-asesinato-de-periodistas-en-mexico"],"jetpack_featured_media_url":"https:\/\/zonaroja.com.mx\/wp-content\/uploads\/2019\/11\/periodistas-asesinados.jpg","jetpack_sharing_enabled":true,"_links":{"self":[{"href":"https:\/\/zonaroja.com.mx\/index.php?rest_route=\/wp\/v2\/posts\/5813","targetHints":{"allow":["GET"]}}],"collection":[{"href":"https:\/\/zonaroja.com.mx\/index.php?rest_route=\/wp\/v2\/posts"}],"about":[{"href":"https:\/\/zonaroja.com.mx\/index.php?rest_route=\/wp\/v2\/types\/post"}],"author":[{"embeddable":true,"href":"https:\/\/zonaroja.com.mx\/index.php?rest_route=\/wp\/v2\/users\/2"}],"replies":[{"embeddable":true,"href":"https:\/\/zonaroja.com.mx\/index.php?rest_route=%2Fwp%2Fv2%2Fcomments&post=5813"}],"version-history":[{"count":1,"href":"https:\/\/zonaroja.com.mx\/index.php?rest_route=\/wp\/v2\/posts\/5813\/revisions"}],"predecessor-version":[{"id":5815,"href":"https:\/\/zonaroja.com.mx\/index.php?rest_route=\/wp\/v2\/posts\/5813\/revisions\/5815"}],"wp:featuredmedia":[{"embeddable":true,"href":"https:\/\/zonaroja.com.mx\/index.php?rest_route=\/wp\/v2\/media\/5814"}],"wp:attachment":[{"href":"https:\/\/zonaroja.com.mx\/index.php?rest_route=%2Fwp%2Fv2%2Fmedia&parent=5813"}],"wp:term":[{"taxonomy":"category","embeddable":true,"href":"https:\/\/zonaroja.com.mx\/index.php?rest_route=%2Fwp%2Fv2%2Fcategories&post=5813"},{"taxonomy":"post_tag","embeddable":true,"href":"https:\/\/zonaroja.com.mx\/index.php?rest_route=%2Fwp%2Fv2%2Ftags&post=5813"}],"curies":[{"name":"wp","href":"https:\/\/api.w.org\/{rel}","templated":true}]}}