{"id":58136,"date":"2023-07-29T19:44:20","date_gmt":"2023-07-30T00:44:20","guid":{"rendered":"http:\/\/www.zonaroja.com.mx\/?p=58136"},"modified":"2023-07-29T19:44:23","modified_gmt":"2023-07-30T00:44:23","slug":"desplome-de-avioneta-deja-3-muertos-en-veracruz-un-era-colaborador-de-adan-augusto","status":"publish","type":"post","link":"https:\/\/zonaroja.com.mx\/?p=58136","title":{"rendered":"Desplome de avioneta deja 3 muertos en Veracruz; un era colaborador de Ad\u00e1n Augusto\u00a0"},"content":{"rendered":"\n<p>Redacci\u00f3n\/Zona Roja Cdmx.<\/p>\n\n\n\n<p>Ciudad de M\u00e9xico, a 29 de julio de 2023.- La Agencia Federal de Aviaci\u00f3n Civil (AFAC) confirm\u00f3 que un avi\u00f3n Cessna Citation 650 bimotor se desplom\u00f3 en aguas el puerto de Veracruz.<\/p>\n\n\n\n<p>En un comunicado en redes sociales, la AFAC apunt\u00f3 que la aeronave, matr\u00edcula XB-VFJ, parti\u00f3 la noche del 28 de julio del Aeropuerto Internacional \u201cHeriberto Jara Corona\u201d del puerto de Veracruz con destino al Aeropuerto Internacional de Toluca, Estado de M\u00e9xico.<\/p>\n\n\n\n<p>Se inform\u00f3 que al mando iba el piloto H\u00e9ctor Priego, con licencia n\u00famero 202167324, y el copiloto Jorge Gerardo Rubi, con licencia n\u00famero 200102996. Tambi\u00e9n se reporta un pasajero, Daniel Flores Nava, director general del Grupo Proyecta Industrial de M\u00e9xico y quien hab\u00eda acudido el viernes en Orizaba a un mitin del aspirante presidencial de Morena, Ad\u00e1n Augusto L\u00f3pez.<\/p>\n\n\n\n<p>Seg\u00fan datos de la Agencia, la aeronave contaba con toda la documentaci\u00f3n en orden para operar.<\/p>\n\n\n\n<p>\u201cHasta el momento contin\u00faan las labores de b\u00fasqueda y rescate por parte del personal de Protecci\u00f3n Civil y de la comandancia del Aeropuerto Internacional Heriberto Jara Corona del puerto de Veracruz\u201d, se indic\u00f3.<\/p>\n\n\n\n<p>HALLAN CUERPOS<\/p>\n\n\n\n<p>Tras confirmarse el desplome del avi\u00f3n, el Gobierno de Veracruz inform\u00f3 de la localizaci\u00f3n de restos humanos.<\/p>\n\n\n\n<p>\u201cSe confirma la localizaci\u00f3n de restos humanos que podr\u00edan pertenecer a alguna de las personas a bordo, lo cual deber\u00e1 ser confirmado por pruebas de ADN que llevar\u00e1 a cabo la FGE. El incidente a\u00e9reo corresponder\u00e1 ser investigado a las autoridades federales de fiscal\u00eda y aviaci\u00f3n\u201d, indic\u00f3.<\/p>\n\n\n\n<p>Tras confirmarse la muerte del director de Grupo Proyecta, L\u00f3pez Hern\u00e1ndez detall\u00f3 que cancelar\u00eda los eventos de este s\u00e1bado.<\/p>\n\n\n\n<p>\u201cDaniel Flores no solo fue un visionario que con honestidad y entrega, abon\u00f3 a la construcci\u00f3n de un M\u00e9xico m\u00e1s pr\u00f3spero y soberano, tambi\u00e9n fue un buen amigo, y me entristece su partida\u201d, apunt\u00f3 en su cuenta de Twitter.<\/p>\n\n\n\n<p>\u201cPor respeto a \u00e9l, cancelaremos los eventos restantes del d\u00eda de hoy. Abrazo con afecto a su hermosa familia y a sus seres queridos\u201d, indic\u00f3.<\/p>\n\n\n\n<p>(Con informaci\u00f3n de L\u00f3pez-D\u00f3riga Digital)<\/p>\n","protected":false},"excerpt":{"rendered":"<p>Redacci\u00f3n\/Zona Roja Cdmx. Ciudad de M\u00e9xico, a 29 de julio de 2023.- La Agencia Federal&hellip;<\/p>\n","protected":false},"author":2,"featured_media":58137,"comment_status":"closed","ping_status":"open","sticky":false,"template":"","format":"standard","meta":{"_lmt_disableupdate":"","_lmt_disable":"","_jetpack_memberships_contains_paid_content":false,"footnotes":""},"categories":[109,47],"tags":[],"class_list":["post-58136","post","type-post","status-publish","format-standard","has-post-thumbnail","hentry","category-minuto-a-minuto","category-zona-gris"],"jetpack_featured_media_url":"https:\/\/zonaroja.com.mx\/wp-content\/uploads\/2023\/07\/Avion-desplome-Veracruz-3-muertos.jpeg","jetpack_sharing_enabled":true,"_links":{"self":[{"href":"https:\/\/zonaroja.com.mx\/index.php?rest_route=\/wp\/v2\/posts\/58136","targetHints":{"allow":["GET"]}}],"collection":[{"href":"https:\/\/zonaroja.com.mx\/index.php?rest_route=\/wp\/v2\/posts"}],"about":[{"href":"https:\/\/zonaroja.com.mx\/index.php?rest_route=\/wp\/v2\/types\/post"}],"author":[{"embeddable":true,"href":"https:\/\/zonaroja.com.mx\/index.php?rest_route=\/wp\/v2\/users\/2"}],"replies":[{"embeddable":true,"href":"https:\/\/zonaroja.com.mx\/index.php?rest_route=%2Fwp%2Fv2%2Fcomments&post=58136"}],"version-history":[{"count":1,"href":"https:\/\/zonaroja.com.mx\/index.php?rest_route=\/wp\/v2\/posts\/58136\/revisions"}],"predecessor-version":[{"id":58138,"href":"https:\/\/zonaroja.com.mx\/index.php?rest_route=\/wp\/v2\/posts\/58136\/revisions\/58138"}],"wp:featuredmedia":[{"embeddable":true,"href":"https:\/\/zonaroja.com.mx\/index.php?rest_route=\/wp\/v2\/media\/58137"}],"wp:attachment":[{"href":"https:\/\/zonaroja.com.mx\/index.php?rest_route=%2Fwp%2Fv2%2Fmedia&parent=58136"}],"wp:term":[{"taxonomy":"category","embeddable":true,"href":"https:\/\/zonaroja.com.mx\/index.php?rest_route=%2Fwp%2Fv2%2Fcategories&post=58136"},{"taxonomy":"post_tag","embeddable":true,"href":"https:\/\/zonaroja.com.mx\/index.php?rest_route=%2Fwp%2Fv2%2Ftags&post=58136"}],"curies":[{"name":"wp","href":"https:\/\/api.w.org\/{rel}","templated":true}]}}