{"id":58140,"date":"2023-07-29T20:45:00","date_gmt":"2023-07-30T01:45:00","guid":{"rendered":"http:\/\/www.zonaroja.com.mx\/?p=58140"},"modified":"2023-07-29T19:53:46","modified_gmt":"2023-07-30T00:53:46","slug":"reconoce-fiscalia-labor-y-valentia-de-aei-reitera-todo-el-apoyo","status":"publish","type":"post","link":"https:\/\/zonaroja.com.mx\/?p=58140","title":{"rendered":"Reconoce Fiscal\u00eda labor y valent\u00eda de AEI; reitera todo el apoyo"},"content":{"rendered":"\n<p>Redacci\u00f3n\/Zona Roja. Foto: Archivo<\/p>\n\n\n\n<p>Oaxaca de Ju\u00e1rez, Oax., a 29 de julio de 2023.-&nbsp; Tras la muerte de un elemento de la Agencia Estatal de Investigaciones (AEI) que cumpl\u00eda labores en un operativo, la Fiscal\u00eda General del Estado de Oaxaca reconoci\u00f3 la labor y valent\u00eda de los elementos y garantiz\u00f3 todo el apoyo institucional.<\/p>\n\n\n\n<p>Fue la madrugada de hoy en que personal de la AEI, del grupo antisecuestro, y de instituciones federales realizaban un operativo en carretera a Nuevo Cerro Mojarra, San Felipe Zihualtepec, cuando fueron recibidos con disparos de arma de fuego.<\/p>\n\n\n\n<p>Tras ello, perdi\u00f3 la vida un elemento identificado como Andr\u00e9s Avelino L. H., y dos m\u00e1s resultaron lesionados, quienes fueron canalizados aun hospital; un presunto delincuente, con las siglas de T. G. R., fue abatido.<\/p>\n\n\n\n<p>En un comunicado, la instituci\u00f3n que encabeza Bernardo Rodr\u00edguez Alamilla inform\u00f3 que realiza todas las gestiones necesarias para que los elementos lesionados reciban atenci\u00f3n m\u00e9dica especializada, adem\u00e1s de que se ha efectuado el traslado de uno de ellos v\u00eda a\u00e9rea a la ciudad de Oaxaca para su canalizaci\u00f3n a un hospital.&nbsp;<\/p>\n\n\n\n<p>\u201cLa Fiscal\u00eda General del Estado de Oaxaca refrenda su compromiso para con el personal de la AEI, reconoce su labor y valent\u00eda, pues en su labor diaria se encuentran los riesgos permanentes, en la b\u00fasqueda de una sociedad m\u00e1s justa.<\/p>\n\n\n\n<p>\u201cPara la instituci\u00f3n, el fallecimiento de nuestro compa\u00f1ero A. A. L. H., representa un duelo en el que estrechamos lazos con su familia y a sus seres queridos, a quienes refrendamos nuestra corresponsabilidad de brindar cobijo, lo que implica cumplir con sus derechos adquiridos y fortalecer los lazos que permitan honrar su memoria.<\/p>\n\n\n\n<p>\u201cAs\u00ed tambi\u00e9n, la FGEO reitera que realizar\u00e1 todas las gestiones necesarias para garantizar la atenci\u00f3n m\u00e9dica, hasta su recuperaci\u00f3n, de los elementos que resultaron heridos.<\/p>\n\n\n\n<p>\u201cLa Fiscal\u00eda de Oaxaca llevar\u00e1 a cabo las investigaciones necesarias, as\u00ed como todas las acciones para garantizar la aplicaci\u00f3n de la ley, con firmeza, contra quienes resulten responsables de estos delitos, pues bajo ninguna circunstancia tolerar\u00e1, ni permitir\u00e1 la impunidad en estos hechos\u201d, recalc\u00f3.<\/p>\n","protected":false},"excerpt":{"rendered":"<p>Redacci\u00f3n\/Zona Roja. Foto: Archivo Oaxaca de Ju\u00e1rez, Oax., a 29 de julio de 2023.-&nbsp; Tras&hellip;<\/p>\n","protected":false},"author":2,"featured_media":51337,"comment_status":"closed","ping_status":"open","sticky":false,"template":"","format":"standard","meta":{"_lmt_disableupdate":"","_lmt_disable":"","_jetpack_memberships_contains_paid_content":false,"footnotes":""},"categories":[109,46],"tags":[494],"class_list":["post-58140","post","type-post","status-publish","format-standard","has-post-thumbnail","hentry","category-minuto-a-minuto","category-zona-blanca","tag-fiscalia-general-del-estado-de-oaxaca"],"jetpack_featured_media_url":"https:\/\/zonaroja.com.mx\/wp-content\/uploads\/2023\/02\/Bernardo-Rodriguez-Alamilla-y-AEI.jpeg","jetpack_sharing_enabled":true,"_links":{"self":[{"href":"https:\/\/zonaroja.com.mx\/index.php?rest_route=\/wp\/v2\/posts\/58140","targetHints":{"allow":["GET"]}}],"collection":[{"href":"https:\/\/zonaroja.com.mx\/index.php?rest_route=\/wp\/v2\/posts"}],"about":[{"href":"https:\/\/zonaroja.com.mx\/index.php?rest_route=\/wp\/v2\/types\/post"}],"author":[{"embeddable":true,"href":"https:\/\/zonaroja.com.mx\/index.php?rest_route=\/wp\/v2\/users\/2"}],"replies":[{"embeddable":true,"href":"https:\/\/zonaroja.com.mx\/index.php?rest_route=%2Fwp%2Fv2%2Fcomments&post=58140"}],"version-history":[{"count":1,"href":"https:\/\/zonaroja.com.mx\/index.php?rest_route=\/wp\/v2\/posts\/58140\/revisions"}],"predecessor-version":[{"id":58141,"href":"https:\/\/zonaroja.com.mx\/index.php?rest_route=\/wp\/v2\/posts\/58140\/revisions\/58141"}],"wp:featuredmedia":[{"embeddable":true,"href":"https:\/\/zonaroja.com.mx\/index.php?rest_route=\/wp\/v2\/media\/51337"}],"wp:attachment":[{"href":"https:\/\/zonaroja.com.mx\/index.php?rest_route=%2Fwp%2Fv2%2Fmedia&parent=58140"}],"wp:term":[{"taxonomy":"category","embeddable":true,"href":"https:\/\/zonaroja.com.mx\/index.php?rest_route=%2Fwp%2Fv2%2Fcategories&post=58140"},{"taxonomy":"post_tag","embeddable":true,"href":"https:\/\/zonaroja.com.mx\/index.php?rest_route=%2Fwp%2Fv2%2Ftags&post=58140"}],"curies":[{"name":"wp","href":"https:\/\/api.w.org\/{rel}","templated":true}]}}