{"id":58158,"date":"2023-07-30T10:00:00","date_gmt":"2023-07-30T15:00:00","guid":{"rendered":"http:\/\/www.zonaroja.com.mx\/?p=58158"},"modified":"2023-07-30T08:22:07","modified_gmt":"2023-07-30T13:22:07","slug":"mujeres-afromexicanas-piden-sancionar-actos-de-racismo-y-discriminacion","status":"publish","type":"post","link":"https:\/\/zonaroja.com.mx\/?p=58158","title":{"rendered":"Mujeres afromexicanas piden sancionar actos de racismo y discriminaci\u00f3n"},"content":{"rendered":"\n<p>Redacci\u00f3n\/Zona Roja.<\/p>\n\n\n\n<p>Oaxaca de Ju\u00e1rez, Oax., a 30 de julio de 2023.- Mujeres de la poblaci\u00f3n afromexicana exigen a los gobiernos locales, de los estados y federal, detener el racismo y la discriminaci\u00f3n estructural hac\u00eda su comunidad; adem\u00e1s de implementar y aterrizar pol\u00edticas p\u00fablicas con base a los derechos humanos que, ayuden a visibilizar sus distintas formas de vida.<\/p>\n\n\n\n<p>\u201cAcordamos seguir luchando y denunciando el racismo sist\u00e9mico, la discriminaci\u00f3n estructural, as\u00ed mismo, exigir al Estado mexicano el cumplimiento del art\u00edculo 2, apartado C de la Constituci\u00f3n Pol\u00edtica de los Estados Unidos Mexicanos y los instrumentos internacionales que garantizan, los derechos de las mujeres afromexicanas y de los pueblos y comunidades afromexicanas\u201d, indicaron en una minuta de trabajo.<\/p>\n\n\n\n<p>Esto, luego que una comitiva de mujeres fue detenida y cuestionada sobre su tr\u00e1nsito mientras se dirigir\u00e1n al VII Encuentro Nacional e Internacional de Mujeres Afromexicanas y Afrodescendientes, en Tamiahua, Veracruz, cuando la Guardia Nacional detuvo al cami\u00f3n donde iban las mujeres, \u201cpor no llevar una bit\u00e1cora de viaje\u201d.<\/p>\n\n\n\n<p>\u201cSolicitamos que las instituciones p\u00fablicas dispongan de sanciones para casos en que las y los funcionarios cometen actos de racismo y discriminaci\u00f3n hacia las mujeres afromexicanas y afrodescendientes\u201d, expresaron, por los hechos.<\/p>\n\n\n\n<p>La detenci\u00f3n se llev\u00f3 a cabo en San Juan de los Llanos, en el estado de Guerrero, donde no hab\u00eda se\u00f1al de telefon\u00eda ni otra forma de comunicaci\u00f3n, lo que vulner\u00f3 la seguridad e integridad de las mujeres.<\/p>\n\n\n\n<p>\u00abPor eso alzamos nuestra voz, desde los encuentros para denunciar el racismo, porque el Estado, no reconoce a las poblaciones negras\u00bb, apunt\u00f3 la activista Rosa Mar\u00eda Castro, presidenta de la Asociaci\u00f3n de Mujeres de la Costa de Oaxaca (AMCO).<\/p>\n\n\n\n<p>No es la primera vez el actuar de las instituciones, en otras, han confundido a las compa\u00f1eras como extranjeras, expusieron las mujeres que continuamente llaman a Encuentros, para discutir los avances y problem\u00e1ticas que viven desde sus comunidades.<\/p>\n\n\n\n<p>Detallaron que los actos de racismo y discriminaci\u00f3n no s\u00f3lo ha ocurrido en su tr\u00e1nsito, sino, tambi\u00e9n en las escuelas, en las instituciones al realizar alg\u00fan tr\u00e1mite, en el trabajo, y en otros espacios.<\/p>\n\n\n\n<p>Por ello, demandan el combate al racismo en las escuelas, observando una perspectiva identitaria y antirracista, as\u00ed como la creaci\u00f3n de protocolo de atenci\u00f3n al racismo en las instituciones educativas.<\/p>\n\n\n\n<p>\u201cSolicitamos un programa permanente de capacitaci\u00f3n con perspectiva antirracista e incluyente a docentes de nivel b\u00e1sico, medio y superior para erradicar el racismo y la discriminaci\u00f3n hacia personas afrodescendientes\u201d<\/p>\n\n\n\n<p>Dijeron que el Consejo Nacional para Prevenir la Discriminaci\u00f3n (Conapred) debe exigir a las instituciones p\u00fablicas y privadas una certificaci\u00f3n en temas de racismo y discriminaci\u00f3n, a fin de ir erradicando estas pr\u00e1cticas.<\/p>\n\n\n\n<p>En el marco del D\u00eda Internacional de las Mujeres Afrodescendientes, varias organizaciones y colectivos de mujeres de los estados de Guerrero, Oaxaca, Ciudad de M\u00e9xico, Veracruz, as\u00ed como de otros estados y pa\u00edses, se congregaron para acordar e insistir sobre los derechos de la poblaci\u00f3n afrodescendiente.<\/p>\n\n\n\n<p>Durante el encuentro, las mujeres hicieron un llamado a los gobiernos a visibilizar las diversas culturas afromexicanas en M\u00e9xico, a trav\u00e9s de campa\u00f1as nacionales en medios de comunicaci\u00f3n, \u201clibres de estereotipos, chistes y comentarios racistas\u201d.<\/p>\n\n\n\n<p>Asimismo, la aprobaci\u00f3n de 50 iniciativas enfocadas a las y los&nbsp;afromexicanos&nbsp;que garanticen una mejor calidad de vida para pueblos, comunidades y personas afrodescendientes.<\/p>\n\n\n\n<p>El encuentro fue convocado por las organizaciones civiles: Afrotamiahua A.C., AMCO AC., Colectiva \u00d1aa Tund\u00e1 AC., M\u00e9xico Negro AC., en colaboraci\u00f3n con la comunidad de Tamiahua, Veracruz y, el Programa Nacional de Investigaci\u00f3n Afrodescendientes y Diversidad Cultural de la Coordinaci\u00f3n Nacional de Antropolog\u00eda del (INAH).<\/p>\n\n\n\n<p>(Informaci\u00f3n de la Agencia Notimia)<\/p>\n","protected":false},"excerpt":{"rendered":"<p>Redacci\u00f3n\/Zona Roja. Oaxaca de Ju\u00e1rez, Oax., a 30 de julio de 2023.- Mujeres de la&hellip;<\/p>\n","protected":false},"author":2,"featured_media":58149,"comment_status":"closed","ping_status":"open","sticky":false,"template":"","format":"standard","meta":{"_lmt_disableupdate":"","_lmt_disable":"","_jetpack_memberships_contains_paid_content":false,"footnotes":""},"categories":[109,47],"tags":[],"class_list":["post-58158","post","type-post","status-publish","format-standard","has-post-thumbnail","hentry","category-minuto-a-minuto","category-zona-gris"],"jetpack_featured_media_url":"https:\/\/zonaroja.com.mx\/wp-content\/uploads\/2023\/07\/Afromexicanas-Oaxaca-AMCO.jpeg","jetpack_sharing_enabled":true,"_links":{"self":[{"href":"https:\/\/zonaroja.com.mx\/index.php?rest_route=\/wp\/v2\/posts\/58158","targetHints":{"allow":["GET"]}}],"collection":[{"href":"https:\/\/zonaroja.com.mx\/index.php?rest_route=\/wp\/v2\/posts"}],"about":[{"href":"https:\/\/zonaroja.com.mx\/index.php?rest_route=\/wp\/v2\/types\/post"}],"author":[{"embeddable":true,"href":"https:\/\/zonaroja.com.mx\/index.php?rest_route=\/wp\/v2\/users\/2"}],"replies":[{"embeddable":true,"href":"https:\/\/zonaroja.com.mx\/index.php?rest_route=%2Fwp%2Fv2%2Fcomments&post=58158"}],"version-history":[{"count":1,"href":"https:\/\/zonaroja.com.mx\/index.php?rest_route=\/wp\/v2\/posts\/58158\/revisions"}],"predecessor-version":[{"id":58159,"href":"https:\/\/zonaroja.com.mx\/index.php?rest_route=\/wp\/v2\/posts\/58158\/revisions\/58159"}],"wp:featuredmedia":[{"embeddable":true,"href":"https:\/\/zonaroja.com.mx\/index.php?rest_route=\/wp\/v2\/media\/58149"}],"wp:attachment":[{"href":"https:\/\/zonaroja.com.mx\/index.php?rest_route=%2Fwp%2Fv2%2Fmedia&parent=58158"}],"wp:term":[{"taxonomy":"category","embeddable":true,"href":"https:\/\/zonaroja.com.mx\/index.php?rest_route=%2Fwp%2Fv2%2Fcategories&post=58158"},{"taxonomy":"post_tag","embeddable":true,"href":"https:\/\/zonaroja.com.mx\/index.php?rest_route=%2Fwp%2Fv2%2Ftags&post=58158"}],"curies":[{"name":"wp","href":"https:\/\/api.w.org\/{rel}","templated":true}]}}