{"id":5816,"date":"2019-11-17T08:01:19","date_gmt":"2019-11-17T14:01:19","guid":{"rendered":"http:\/\/www.zonaroja.com.mx\/?p=5816"},"modified":"2019-11-17T08:01:22","modified_gmt":"2019-11-17T14:01:22","slug":"a-tres-anos-gobierno-de-alejandro-murat-mantiene-deuda-con-mujeres-ges","status":"publish","type":"post","link":"https:\/\/zonaroja.com.mx\/?p=5816","title":{"rendered":"A tres a\u00f1os, gobierno de Alejandro Murat mantiene deuda con mujeres: GES"},"content":{"rendered":"\n<p>Evlin Arag\u00f3n\/Zona Roja.<\/p>\n\n\n\n<p>Oaxaca de Ju\u00e1rez, Oax., 17 de noviembre\nde 2019.- Luego del Tercer Informe que rindi\u00f3 el gobernador de Oaxaca,\nAlejandro Murat Hinojosa, en el que no hizo referencia de los feminicidios en\nla entidad, el Grupo de Estudios sobre la Mujer \u201cRosario Castellanos\u201d (GES\nMujer) manifest\u00f3 p\u00fablicamente que la administraci\u00f3n actual tiene una gran deuda\ncon las mujeres. <\/p>\n\n\n\n<p>La organizaci\u00f3n representada por\nAng\u00e9lica Ayala record\u00f3 que conforme al recuento de la violencia feminicida que\nrealizan desde hace a\u00f1os, ante la ausencia de un trabajo serio y responsable\npor parte de las autoridades al respecto, la cifra de mujeres y ni\u00f1as que han\nsido asesinadas de manera violenta en la entidad es de 371 sin que pueda\ncontenerse. <\/p>\n\n\n\n<p>Ello representa una gran deuda para las\nmujeres oaxaque\u00f1as, ya que el mandatario se comprometi\u00f3 en campa\u00f1a a darle\npuntual atenci\u00f3n a la violencia de g\u00e9nero y feminicida, para lo cual incluso\ncre\u00f3 la Secretar\u00eda de las Mujeres.<\/p>\n\n\n\n<p>Sin embargo, esto no fue suficiente\npara reducir la cifra de feminicidios y por el contrario durante su\nadministraci\u00f3n se declar\u00f3 la Alerta por Violencia de G\u00e9nero.<\/p>\n\n\n\n<p>\u201cHa sido durante su administraci\u00f3n que\nse declar\u00f3 la Alerta por Violencia de G\u00e9nero y desde entonces se contabilizan\n156 mujeres y ni\u00f1as a quienes se les violentaron los derechos fundamentales a\nla seguridad, la libertad y su derecho a la vida\u201d, public\u00f3 GES Mujer en su\ncuenta oficial.<\/p>\n\n\n\n<p>La falta de atenci\u00f3n a la problem\u00e1tica\nincrementa el riesgo de que 2019 se convierta en el a\u00f1o m\u00e1s violento para las\nmujeres en Oaxaca, ya que el recuento muestra que a\u00f1o con a\u00f1o se incrementa el\nn\u00famero de mujeres y ni\u00f1as asesinadas de manera violenta, pues en 2017 el\nregistro fue de 117 casos, en el 2018 se increment\u00f3 a 123 y a m\u00e1s de un mes de\nconcluir este a\u00f1o ya se contabilizan 122 casos.<\/p>\n\n\n\n<p>\u201cLas acciones de gobierno emprendidas\nen materia de prevenci\u00f3n, atenci\u00f3n, sanci\u00f3n y erradicaci\u00f3n de la violencia\nhacia las mujeres no han dado resultados\u201d, sentenci\u00f3.<\/p>\n\n\n\n<p>Extern\u00f3 que es imperante que las\nautoridades estatales reconozcan los errores en la pol\u00edtica p\u00fablica\nimplementada hasta el momento y muestren la voluntad para actuar y salvaguardar\nel derecho a la vida de las ni\u00f1as y mujeres oaxaque\u00f1as, de lo contrario la\ncifra no dejar\u00e1 de ir a la alza en perjuicio de m\u00e1s de la mitad de la poblaci\u00f3n\nlocal. <\/p>\n\n\n\n<p>\u201cM\u00e1s all\u00e1 de los discursos, se\nrequieren acciones de gobierno que protejan el derecho a una vida libre de\ntodas las formas de violencia para las ni\u00f1as y las mujeres, incluyendo la\nviolencia feminicida\u201d, concluy\u00f3.<\/p>\n","protected":false},"excerpt":{"rendered":"<p>Evlin Arag\u00f3n\/Zona Roja. Oaxaca de Ju\u00e1rez, Oax., 17 de noviembre de 2019.- Luego del Tercer&hellip;<\/p>\n","protected":false},"author":2,"featured_media":3353,"comment_status":"closed","ping_status":"open","sticky":false,"template":"","format":"standard","meta":{"_lmt_disableupdate":"","_lmt_disable":"","_jetpack_memberships_contains_paid_content":false,"footnotes":""},"categories":[109,51],"tags":[524],"class_list":["post-5816","post","type-post","status-publish","format-standard","has-post-thumbnail","hentry","category-minuto-a-minuto","category-zona-roja","tag-ges-mujer"],"jetpack_featured_media_url":"https:\/\/zonaroja.com.mx\/wp-content\/uploads\/2019\/08\/Femincidio-6.jpg","jetpack_sharing_enabled":true,"_links":{"self":[{"href":"https:\/\/zonaroja.com.mx\/index.php?rest_route=\/wp\/v2\/posts\/5816","targetHints":{"allow":["GET"]}}],"collection":[{"href":"https:\/\/zonaroja.com.mx\/index.php?rest_route=\/wp\/v2\/posts"}],"about":[{"href":"https:\/\/zonaroja.com.mx\/index.php?rest_route=\/wp\/v2\/types\/post"}],"author":[{"embeddable":true,"href":"https:\/\/zonaroja.com.mx\/index.php?rest_route=\/wp\/v2\/users\/2"}],"replies":[{"embeddable":true,"href":"https:\/\/zonaroja.com.mx\/index.php?rest_route=%2Fwp%2Fv2%2Fcomments&post=5816"}],"version-history":[{"count":1,"href":"https:\/\/zonaroja.com.mx\/index.php?rest_route=\/wp\/v2\/posts\/5816\/revisions"}],"predecessor-version":[{"id":5817,"href":"https:\/\/zonaroja.com.mx\/index.php?rest_route=\/wp\/v2\/posts\/5816\/revisions\/5817"}],"wp:featuredmedia":[{"embeddable":true,"href":"https:\/\/zonaroja.com.mx\/index.php?rest_route=\/wp\/v2\/media\/3353"}],"wp:attachment":[{"href":"https:\/\/zonaroja.com.mx\/index.php?rest_route=%2Fwp%2Fv2%2Fmedia&parent=5816"}],"wp:term":[{"taxonomy":"category","embeddable":true,"href":"https:\/\/zonaroja.com.mx\/index.php?rest_route=%2Fwp%2Fv2%2Fcategories&post=5816"},{"taxonomy":"post_tag","embeddable":true,"href":"https:\/\/zonaroja.com.mx\/index.php?rest_route=%2Fwp%2Fv2%2Ftags&post=5816"}],"curies":[{"name":"wp","href":"https:\/\/api.w.org\/{rel}","templated":true}]}}