{"id":58160,"date":"2023-07-30T12:00:00","date_gmt":"2023-07-30T17:00:00","guid":{"rendered":"http:\/\/www.zonaroja.com.mx\/?p=58160"},"modified":"2023-07-30T08:24:37","modified_gmt":"2023-07-30T13:24:37","slug":"denuncias-por-trata-de-personas-aumentaron-37-entre-2020-y-2022-onu","status":"publish","type":"post","link":"https:\/\/zonaroja.com.mx\/?p=58160","title":{"rendered":"Denuncias por trata de personas aumentaron 37% entre 2020 y 2022: ONU"},"content":{"rendered":"\n<p>Redacci\u00f3n\/Zona Roja Cdmx.<\/p>\n\n\n\n<p>Ciudad de M\u00e9xico, a 30 de julio de 2023.- Las denuncias por trata de personas en el pa\u00eds incrementaron 37 por ciento entre 2020 y 2022, al pasar de 681 a 936, en tanto que en los primeros seis meses de este a\u00f1o suman 488, de acuerdo con cifras del Secretariado Ejecutivo del Sistema Nacional de Seguridad P\u00fablica, alert\u00f3 la Oficina de Naciones Unidas contra la Droga y el Delito en M\u00e9xico (Unodc, por sus siglas en ingl\u00e9s).<\/p>\n\n\n\n<p>En el D\u00eda Mundial contra la Trata de Personas, que se conmemora hoy, destac\u00f3 que algunas de las v\u00edctimas m\u00e1s invisibilizadas son las pertenecientes a las comunidades ind\u00edgenas y afromexicanas, as\u00ed como los migrantes.<\/p>\n\n\n\n<p>Mario Cordero, titular de los programas de Prevenci\u00f3n y Lucha contra el Crimen Organizado de Unodc, resalt\u00f3 que en la poblaci\u00f3n ind\u00edgena y afromexicana las principales modalidades de trata est\u00e1n relacionadas con la explotaci\u00f3n sexual, que afecta mayoritariamente a mujeres y ni\u00f1as; trabajo forzado, en la que la preponderantemente son hombres y ni\u00f1os; mendicidad y matrimonio forzado.<\/p>\n\n\n\n<p>En entrevista, explic\u00f3 que la manera en como son captadas las v\u00edctimas en estas comunidades var\u00eda en comparaci\u00f3n con las grandes ciudades. \u201cSe utiliza mucho el perifoneo, hemos visto casos donde literalmente los enganchadores van anunciando un trabajo s\u00faper atractivo, pero que es falso\u201d, mencion\u00f3.<\/p>\n\n\n\n<p>Pese a ello, se\u00f1al\u00f3, las personas se interesan porque tienen necesidades b\u00e1sicas y en muchas ocasiones se encuentran entre la desesperaci\u00f3n y la urgencia.<\/p>\n\n\n\n<p>Indic\u00f3 que tambi\u00e9n han detectado que la captaci\u00f3n de v\u00edctimas se hace en anuncios de trabajo en peri\u00f3dicos y por enamoramiento.<\/p>\n\n\n\n<p>Cordero agreg\u00f3 que cuando en las comunidades hay m\u00e1s acceso a Internet, los tratantes igualmente aprovechan esta v\u00eda para contactar a sus v\u00edctimas.<\/p>\n\n\n\n<p>Ante este contexto, detall\u00f3 que la Unodc cuenta con un proyecto llamado Agentes de Cambio, enfocado en comunidades ind\u00edgenas y afromexicanas, que est\u00e1 financiado por el gobierno de Canad\u00e1 y en el que trabajan con la Secretar\u00eda de Gobernaci\u00f3n. Los ejes son prevenci\u00f3n, asistencia a v\u00edctimas sobrevivientes y fortalecimiento de acceso a la justicia, Indic\u00f3 que estar\u00e1n laborando en Guerrero, Oaxaca, Chiapas, Ciudad de M\u00e9xico, Veracruz, Baja California y Puebla.<\/p>\n\n\n\n<p>Respecto a la poblaci\u00f3n migrante, expuso que las modalidades de trata m\u00e1s presentes son el reclutamiento de menores en actividades il\u00edcitas, la explotaci\u00f3n sexual y el trabajo forzado.<\/p>\n\n\n\n<p>Las personas \u201cest\u00e1n en una situaci\u00f3n de mayor vulnerabilidad porque los tratantes se aprovechan del miedo de su estatus migratorio para obligarlos a trabajar o explotarlos, o les retienen sus documentos y dicen que no se los regresar\u00e1n hasta que paguen una deuda\u201d, dijo.<\/p>\n\n\n\n<p>Cordero enfatiz\u00f3 que la trata es uno de los delitos que m\u00e1s lastima y vulnera los derechos humanos; sin embargo, existen pocos espacios especializados para atender a las sobrevivientes. \u201cEn M\u00e9xico s\u00f3lo hay 13 refugios tanto de sociedad civil como del propio gobierno\u201d.<\/p>\n\n\n\n<p>(Informaci\u00f3n de \u201cLa Jornada\u201d)<\/p>\n","protected":false},"excerpt":{"rendered":"<p>Redacci\u00f3n\/Zona Roja Cdmx. Ciudad de M\u00e9xico, a 30 de julio de 2023.- Las denuncias por&hellip;<\/p>\n","protected":false},"author":2,"featured_media":48184,"comment_status":"closed","ping_status":"open","sticky":false,"template":"","format":"standard","meta":{"_lmt_disableupdate":"","_lmt_disable":"","_jetpack_memberships_contains_paid_content":false,"footnotes":""},"categories":[109,47],"tags":[],"class_list":["post-58160","post","type-post","status-publish","format-standard","has-post-thumbnail","hentry","category-minuto-a-minuto","category-zona-gris"],"jetpack_featured_media_url":"https:\/\/zonaroja.com.mx\/wp-content\/uploads\/2022\/11\/trata-1.jpg","jetpack_sharing_enabled":true,"_links":{"self":[{"href":"https:\/\/zonaroja.com.mx\/index.php?rest_route=\/wp\/v2\/posts\/58160","targetHints":{"allow":["GET"]}}],"collection":[{"href":"https:\/\/zonaroja.com.mx\/index.php?rest_route=\/wp\/v2\/posts"}],"about":[{"href":"https:\/\/zonaroja.com.mx\/index.php?rest_route=\/wp\/v2\/types\/post"}],"author":[{"embeddable":true,"href":"https:\/\/zonaroja.com.mx\/index.php?rest_route=\/wp\/v2\/users\/2"}],"replies":[{"embeddable":true,"href":"https:\/\/zonaroja.com.mx\/index.php?rest_route=%2Fwp%2Fv2%2Fcomments&post=58160"}],"version-history":[{"count":1,"href":"https:\/\/zonaroja.com.mx\/index.php?rest_route=\/wp\/v2\/posts\/58160\/revisions"}],"predecessor-version":[{"id":58161,"href":"https:\/\/zonaroja.com.mx\/index.php?rest_route=\/wp\/v2\/posts\/58160\/revisions\/58161"}],"wp:featuredmedia":[{"embeddable":true,"href":"https:\/\/zonaroja.com.mx\/index.php?rest_route=\/wp\/v2\/media\/48184"}],"wp:attachment":[{"href":"https:\/\/zonaroja.com.mx\/index.php?rest_route=%2Fwp%2Fv2%2Fmedia&parent=58160"}],"wp:term":[{"taxonomy":"category","embeddable":true,"href":"https:\/\/zonaroja.com.mx\/index.php?rest_route=%2Fwp%2Fv2%2Fcategories&post=58160"},{"taxonomy":"post_tag","embeddable":true,"href":"https:\/\/zonaroja.com.mx\/index.php?rest_route=%2Fwp%2Fv2%2Ftags&post=58160"}],"curies":[{"name":"wp","href":"https:\/\/api.w.org\/{rel}","templated":true}]}}