{"id":58162,"date":"2023-07-30T13:25:00","date_gmt":"2023-07-30T18:25:00","guid":{"rendered":"http:\/\/www.zonaroja.com.mx\/?p=58162"},"modified":"2023-07-30T09:08:14","modified_gmt":"2023-07-30T14:08:14","slug":"desde-estados-unidos-triquis-exigen-a-gobierno-mexicano-retorno-seguro-a-sus-comunidades","status":"publish","type":"post","link":"https:\/\/zonaroja.com.mx\/?p=58162","title":{"rendered":"Desde Estados Unidos, triquis exigen a gobierno mexicano retorno seguro a sus comunidades"},"content":{"rendered":"\n<p>Yuridiana Sosa\/Zona Roja.<\/p>\n\n\n\n<p>Oaxaca de Ju\u00e1rez, Oax., a 30 de julio de 2023.- A fin de visibilizar la inacci\u00f3n del Estado mexicano para garantizar el retorno seguro a sus comunidades, ind\u00edgenas triquis, acompa\u00f1ados de activistas, realizaron el foro comunitario \u201cDesplazamiento-Territorio-Solidaridad\u201d, desde Seattle, Washington.<\/p>\n\n\n\n<p>Durante el encuentro, mujeres y hombres originarios de Tierra Blanca Copala, simpatizantes al Movimiento de Unificaci\u00f3n y Lucha Triqui Independiente (MULTI), recordaron el ataque armado en diciembre de 2020, y partir del cual se deriv\u00f3 su desplazamiento forzado, primero a comunidades vecinas, despu\u00e9s a la capital del estado y posteriormente con la migraci\u00f3n al extranjero.<\/p>\n\n\n\n<p>Las v\u00edctimas de estos hechos recalcaron su anhelo por volver a su comunidad y recuperar sus bienes, su vivienda, sus terrenos de cosechas, su vida en el campo, pues desde hace casi tres a\u00f1os viven en la incertidumbre cada d\u00eda.<\/p>\n\n\n\n<p>Por medio de este foro los desplazados buscaron hacer conciencia ciudadana y en los organismos civiles internacionales en materia de derechos humanos sobre los da\u00f1os que han sufrido, y juntos exigir al gobierno de M\u00e9xico que garantice el retorno de 143 familias.<\/p>\n\n\n\n<p>Hasta ahora, los afectados consideran que existe un abandono total de las autoridades mexicanas, desde el gobierno estatal de Oaxaca al federal, para garantizar sus derechos humanos en lo que se logran las condiciones para su regreso.<\/p>\n\n\n\n<p>As\u00ed tambi\u00e9n condenaron que, en esta violencia contra su pueblo, generada por un grupo paramilitar, se encuentre la posible participaci\u00f3n o complicidad de la propia autoridad.<\/p>\n\n\n\n<p>Esta sospecha se deriva de la emboscada que acab\u00f3 con la vida de dos habitantes triquis, originarios de Tierra Blanca Copala cuando a bordo de una camioneta, con rumbo a San Juan Copala, el pasado 15 de junio.<\/p>\n\n\n\n<p>Pues el hecho se registr\u00f3 mientras iban a bordo de una patrulla estatal, sin que los elementos a bordo sufrieran alguna lesi\u00f3n, se\u00f1alaron.<\/p>\n\n\n\n<p>Por lo que insistieron en la importancia de que se haya justicia inmediata para su comunidad y no se repitan m\u00e1s actos en su contra, pues s\u00f3lo se sigue generando un clima de incertidumbre.<\/p>\n\n\n\n<figure class=\"wp-block-embed is-type-rich is-provider-twitter wp-block-embed-twitter\"><div class=\"wp-block-embed__wrapper\">\n<div class=\"twitter-tweet\"><blockquote class=\"twitter-tweet\" data-lang=\"es\"><p lang=\"es\" dir=\"ltr\">Para visibilizar la inacci\u00f3n del Estado mexicano a fin de garantizar el retorno seguro a sus comunidades, ind\u00edgenas triquis del <a href=\"https:\/\/twitter.com\/MULTI_Oficial1?ref_src=twsrc%5Etfw\">@MULTI_Oficial1<\/a>, acompa\u00f1ados de activistas, realizaron hoy el foro comunitario \u201cDesplazamiento-Territorio-Solidaridad\u201d, desde Seattle, Washington. Vea: <a href=\"https:\/\/t.co\/OFBpiOK9lq\">pic.twitter.com\/OFBpiOK9lq<\/a><\/p>&mdash; Zona Roja Oaxaca (@ZonaRoja_Oaxaca) <a href=\"https:\/\/twitter.com\/ZonaRoja_Oaxaca\/status\/1685461772407300097?ref_src=twsrc%5Etfw\">30 de julio de 2023<\/a><\/blockquote><\/div>\n<\/div><\/figure>\n","protected":false},"excerpt":{"rendered":"<p>Yuridiana Sosa\/Zona Roja. Oaxaca de Ju\u00e1rez, Oax., a 30 de julio de 2023.- A fin&hellip;<\/p>\n","protected":false},"author":2,"featured_media":58163,"comment_status":"closed","ping_status":"open","sticky":false,"template":"","format":"standard","meta":{"_lmt_disableupdate":"","_lmt_disable":"","_jetpack_memberships_contains_paid_content":false,"footnotes":""},"categories":[109,47],"tags":[1712],"class_list":["post-58162","post","type-post","status-publish","format-standard","has-post-thumbnail","hentry","category-minuto-a-minuto","category-zona-gris","tag-tierra-blanca-copala"],"jetpack_featured_media_url":"https:\/\/zonaroja.com.mx\/wp-content\/uploads\/2023\/07\/Triquis-Copala-en-Seatle-EU.jpg","jetpack_sharing_enabled":true,"_links":{"self":[{"href":"https:\/\/zonaroja.com.mx\/index.php?rest_route=\/wp\/v2\/posts\/58162","targetHints":{"allow":["GET"]}}],"collection":[{"href":"https:\/\/zonaroja.com.mx\/index.php?rest_route=\/wp\/v2\/posts"}],"about":[{"href":"https:\/\/zonaroja.com.mx\/index.php?rest_route=\/wp\/v2\/types\/post"}],"author":[{"embeddable":true,"href":"https:\/\/zonaroja.com.mx\/index.php?rest_route=\/wp\/v2\/users\/2"}],"replies":[{"embeddable":true,"href":"https:\/\/zonaroja.com.mx\/index.php?rest_route=%2Fwp%2Fv2%2Fcomments&post=58162"}],"version-history":[{"count":1,"href":"https:\/\/zonaroja.com.mx\/index.php?rest_route=\/wp\/v2\/posts\/58162\/revisions"}],"predecessor-version":[{"id":58164,"href":"https:\/\/zonaroja.com.mx\/index.php?rest_route=\/wp\/v2\/posts\/58162\/revisions\/58164"}],"wp:featuredmedia":[{"embeddable":true,"href":"https:\/\/zonaroja.com.mx\/index.php?rest_route=\/wp\/v2\/media\/58163"}],"wp:attachment":[{"href":"https:\/\/zonaroja.com.mx\/index.php?rest_route=%2Fwp%2Fv2%2Fmedia&parent=58162"}],"wp:term":[{"taxonomy":"category","embeddable":true,"href":"https:\/\/zonaroja.com.mx\/index.php?rest_route=%2Fwp%2Fv2%2Fcategories&post=58162"},{"taxonomy":"post_tag","embeddable":true,"href":"https:\/\/zonaroja.com.mx\/index.php?rest_route=%2Fwp%2Fv2%2Ftags&post=58162"}],"curies":[{"name":"wp","href":"https:\/\/api.w.org\/{rel}","templated":true}]}}