{"id":58176,"date":"2023-07-30T21:57:52","date_gmt":"2023-07-31T02:57:52","guid":{"rendered":"http:\/\/www.zonaroja.com.mx\/?p=58176"},"modified":"2023-07-30T21:57:56","modified_gmt":"2023-07-31T02:57:56","slug":"fiscal-de-oaxaca-garantiza-justicia-por-aei-abatido-y-proteccion-a-su-familia","status":"publish","type":"post","link":"https:\/\/zonaroja.com.mx\/?p=58176","title":{"rendered":"Fiscal de Oaxaca garantiza justicia por AEI abatido y protecci\u00f3n a su familia"},"content":{"rendered":"\n<p>Redacci\u00f3n\/Zona Roja.<\/p>\n\n\n\n<p>Oaxaca de Ju\u00e1rez, Oax., a 30 de agosto de 2023.- La Fiscal\u00eda General del Estado de Oaxaca (FGEO) rindi\u00f3 un homenaje de cuerpo presente al Agente Estatal de Investigaciones del Grupo Antisecuestros, Andr\u00e9s Avelino L\u00f3pez Hern\u00e1ndez, quien falleci\u00f3 en el cumplimiento de su deber durante un operativo efectuado en Nuevo Cerro Mojarra, San Felipe Zihualtepec realizado la madrugada del 29 de julio de 2023. <\/p>\n\n\n\n<p>El acto efectuado en las instalaciones de la AEI, estuvo encabezado por el Fiscal General, Bernardo Rodr\u00edguez Alamilla; as\u00ed como por el Coordinador de la AEI, Jaciel V\u00e1squez Castro; familiares del elemento policial; el Secretario de Seguridad P\u00fablica, Iv\u00e1n Garc\u00eda \u00c1lvarez; el comandante de la Octava Regi\u00f3n Militar, General Joselino Barrios Barrios y el Inspector Jefe de la Guardia Nacional, Joel Gonz\u00e1lez Cruz.<\/p>\n\n\n\n<p>Luego de efectuarse el \u00faltimo pase de lista, toque de silencio, as\u00ed como la salva de honor en memoria del agente Andr\u00e9s Avelino L\u00f3pez Hern\u00e1ndez; el Fiscal General reconoci\u00f3 la lealtad, profesionalismo y hero\u00edsmo del elemento con placa 1111, al tiempo que extern\u00f3 sus condolencias a la familia.<\/p>\n\n\n\n<p>En la emotiva despedida y honra a la valent\u00eda del agente ca\u00eddo, Rodr\u00edguez Alamilla reiter\u00f3 el compromiso institucional y personal con la familia, para garantizarles el pleno acceso a sus derechos en forma efectiva, adem\u00e1s de recordarles que cuentan con la solidaridad y protecci\u00f3n de la instituci\u00f3n procuradora de justicia. <\/p>\n\n\n\n<figure class=\"wp-block-embed\"><div class=\"wp-block-embed__wrapper\">\n<div class=\"twitter-tweet\"><blockquote class=\"twitter-tweet\" data-lang=\"es\"><p lang=\"es\" dir=\"ltr\">El titular de la <a href=\"https:\/\/twitter.com\/FISCALIA_GobOax?ref_src=twsrc%5Etfw\">@FISCALIA_GobOax<\/a>, <a href=\"https:\/\/twitter.com\/FiscalOaxaca?ref_src=twsrc%5Etfw\">@FiscalOaxaca<\/a>, encabez\u00f3 hoy un homenaje al integrante de la Agencia Estatal de Investigaciones, Andr\u00e9s Abelino L. H., placa 1111, quien muri\u00f3 ayer en cumplimiento de su deber tras un enfrentamiento en Zihualtepec, San Juan Cotzoc\u00f3n Mixe. <a href=\"https:\/\/t.co\/qGslBjVvJd\">pic.twitter.com\/qGslBjVvJd<\/a><\/p>&mdash; Zona Roja Oaxaca (@ZonaRoja_Oaxaca) <a href=\"https:\/\/twitter.com\/ZonaRoja_Oaxaca\/status\/1685699527632912386?ref_src=twsrc%5Etfw\">30 de julio de 2023<\/a><\/blockquote><\/div>\n<\/div><\/figure>\n\n\n\n<p> Asimismo, afirm\u00f3 que este crimen no quedar\u00e1 impune, pues se reaccionar\u00e1 con toda la firmeza y fuerza del Estado para sancionar a las personas responsables de estos hechos, debido a que un acto de violencia contra la polic\u00eda investigadora representa un agravio contra toda la sociedad, pues son los Agentes Estatales de Investigaci\u00f3n, los encargados de llevar ante la justicia a los responsables de delitos que lesionan a la sociedad.<\/p>\n\n\n\n<p>Por su parte, el coordinador general de la AEI afirm\u00f3 que el agente Andr\u00e9s Avelino L\u00f3pez Hern\u00e1ndez, se destac\u00f3 por su capacidad y sacrificio, logrando superarse profesionalmente, lo que lo convirti\u00f3 en un extraordinario polic\u00eda, contribuyendo a detener a quienes cometieron delitos graves, esto con el objetivo de mejorar la seguridad de las y los oaxaque\u00f1os. <\/p>\n\n\n\n<p> Posteriormente, el Fiscal General, acompa\u00f1ado por la familia del agente, coloc\u00f3 la fotograf\u00eda del elemento investigador en el Sal\u00f3n de Honor, donde brind\u00f3 palabras de aliento y compromiso a los seres queridos. <\/p>\n\n\n\n<figure class=\"wp-block-embed\"><div class=\"wp-block-embed__wrapper\">\n<div class=\"twitter-tweet\"><blockquote class=\"twitter-tweet\" data-lang=\"es\"><p lang=\"es\" dir=\"ltr\">\u201cNo los vamos a soltar, vamos a estar con ustedes, nuestro compromiso es convertirnos en ese manto protector que era Andr\u00e9s Abelino\u201d, las palabras del fiscal <a href=\"https:\/\/twitter.com\/FiscalOaxaca?ref_src=twsrc%5Etfw\">@FiscalOaxaca<\/a> a familiares, al encabezar hoy el homenaje al elemento ca\u00eddo en su deber. <br>Resalt\u00f3 que la p\u00f3liza de seguro\u2026 <a href=\"https:\/\/t.co\/UPPFRwx6kH\">pic.twitter.com\/UPPFRwx6kH<\/a><\/p>&mdash; Zona Roja Oaxaca (@ZonaRoja_Oaxaca) <a href=\"https:\/\/twitter.com\/ZonaRoja_Oaxaca\/status\/1685825144336293889?ref_src=twsrc%5Etfw\">31 de julio de 2023<\/a><\/blockquote><\/div>\n<\/div><\/figure>\n","protected":false},"excerpt":{"rendered":"<p>Redacci\u00f3n\/Zona Roja. Oaxaca de Ju\u00e1rez, Oax., a 30 de agosto de 2023.- La Fiscal\u00eda General&hellip;<\/p>\n","protected":false},"author":2,"featured_media":58175,"comment_status":"closed","ping_status":"open","sticky":false,"template":"","format":"standard","meta":{"_lmt_disableupdate":"","_lmt_disable":"","_jetpack_memberships_contains_paid_content":false,"footnotes":""},"categories":[109,46],"tags":[],"class_list":["post-58176","post","type-post","status-publish","format-standard","has-post-thumbnail","hentry","category-minuto-a-minuto","category-zona-blanca"],"jetpack_featured_media_url":"https:\/\/zonaroja.com.mx\/wp-content\/uploads\/2023\/07\/e37df9be-aa01-40e5-ba5c-666541e32ac1.jpg","jetpack_sharing_enabled":true,"_links":{"self":[{"href":"https:\/\/zonaroja.com.mx\/index.php?rest_route=\/wp\/v2\/posts\/58176","targetHints":{"allow":["GET"]}}],"collection":[{"href":"https:\/\/zonaroja.com.mx\/index.php?rest_route=\/wp\/v2\/posts"}],"about":[{"href":"https:\/\/zonaroja.com.mx\/index.php?rest_route=\/wp\/v2\/types\/post"}],"author":[{"embeddable":true,"href":"https:\/\/zonaroja.com.mx\/index.php?rest_route=\/wp\/v2\/users\/2"}],"replies":[{"embeddable":true,"href":"https:\/\/zonaroja.com.mx\/index.php?rest_route=%2Fwp%2Fv2%2Fcomments&post=58176"}],"version-history":[{"count":1,"href":"https:\/\/zonaroja.com.mx\/index.php?rest_route=\/wp\/v2\/posts\/58176\/revisions"}],"predecessor-version":[{"id":58177,"href":"https:\/\/zonaroja.com.mx\/index.php?rest_route=\/wp\/v2\/posts\/58176\/revisions\/58177"}],"wp:featuredmedia":[{"embeddable":true,"href":"https:\/\/zonaroja.com.mx\/index.php?rest_route=\/wp\/v2\/media\/58175"}],"wp:attachment":[{"href":"https:\/\/zonaroja.com.mx\/index.php?rest_route=%2Fwp%2Fv2%2Fmedia&parent=58176"}],"wp:term":[{"taxonomy":"category","embeddable":true,"href":"https:\/\/zonaroja.com.mx\/index.php?rest_route=%2Fwp%2Fv2%2Fcategories&post=58176"},{"taxonomy":"post_tag","embeddable":true,"href":"https:\/\/zonaroja.com.mx\/index.php?rest_route=%2Fwp%2Fv2%2Ftags&post=58176"}],"curies":[{"name":"wp","href":"https:\/\/api.w.org\/{rel}","templated":true}]}}