{"id":5818,"date":"2019-11-17T08:13:46","date_gmt":"2019-11-17T14:13:46","guid":{"rendered":"http:\/\/www.zonaroja.com.mx\/?p=5818"},"modified":"2019-11-17T08:14:04","modified_gmt":"2019-11-17T14:14:04","slug":"atacan-a-policia-municipal-de-san-felipe-jalapa-de-diaz","status":"publish","type":"post","link":"https:\/\/zonaroja.com.mx\/?p=5818","title":{"rendered":"Atacan a polic\u00eda municipal de San Felipe Jalapa de D\u00edaz"},"content":{"rendered":"\n<p>Redacci\u00f3n\/Zona Roja.<\/p>\n\n\n\n<p>Oaxaca de Ju\u00e1rez, Oax., 17 de noviembre\nde 2019.- A una semana que el edil Arturo Garc\u00eda Vel\u00e1squez denunci\u00f3 el nulo\napoyo de la Secretar\u00eda de Seguridad P\u00fablica y que su polic\u00eda se encuentra\ndesarmada, sujetos desconocidos atacaron a los uniformados de San Felipe Jalapa\nde D\u00edaz.<\/p>\n\n\n\n<p>Los hechos sucedieron cerca de la media\nnoche en el acceso principal a ese municipio de la regi\u00f3n de la Cuenca, cerca\nde las instalaciones del Colegio de Bachilleres de Oaxaca (Cobao), seg\u00fan\nreportes policiacos municipales.<\/p>\n\n\n\n<p>Una patrulla con varios elementos\nrealizaba recorridos de vigilancia cuando fue agredida por disparos de arma de\nfuego presuntamente por un grupo delictivo, que de inmediato huy\u00f3.<\/p>\n\n\n\n<p>Hasta el momento la autoridad municipal\nno ha confirmado si hay personas heridas o asesinadas.<\/p>\n\n\n\n<p>La semana pasada tras acudir a la sede\ndel Congreso local, el edil Arturo Garc\u00eda denunci\u00f3 el nulo apoyo de Seguridad\nP\u00fablica estatal, pese a que durante su reciente visita a la Cuenca, el\nsecretario Ra\u00fal Ernesto Salcedo se comprometi\u00f3 a otorgar respaldos.<\/p>\n\n\n\n<p>Cabe recordar que el pasado 24 de\noctubre, la Fiscal\u00eda General del Estado realiz\u00f3 cateos en domicilios de Jalapa\nen que detuvo a 10 personas, entre ellas al presidente municipal y dos\npolic\u00edas, presuntamente por portaci\u00f3n de arma sin permiso; el mun\u00edcipe fue\nliberado una semana despu\u00e9s.<\/p>\n\n\n\n<p>Por otra parte, en San Juan Bautista\nTuxtepec, minutos despu\u00e9s de las 22:00 horas se suscit\u00f3 una ri\u00f1a en la calle\nMoctezuma de la colonia La Piragua, que dej\u00f3 como saldo una persona fallecida y\nuna lesionada, por arma blanca; hasta el momento no han sido identificadas las\nv\u00edctimas.<\/p>\n","protected":false},"excerpt":{"rendered":"<p>Redacci\u00f3n\/Zona Roja. Oaxaca de Ju\u00e1rez, Oax., 17 de noviembre de 2019.- A una semana que&hellip;<\/p>\n","protected":false},"author":2,"featured_media":5819,"comment_status":"closed","ping_status":"open","sticky":false,"template":"","format":"standard","meta":{"_lmt_disableupdate":"","_lmt_disable":"","_jetpack_memberships_contains_paid_content":false,"footnotes":""},"categories":[109,47],"tags":[1017],"class_list":["post-5818","post","type-post","status-publish","format-standard","has-post-thumbnail","hentry","category-minuto-a-minuto","category-zona-gris","tag-san-felipa-jalapa-de-diaz"],"jetpack_featured_media_url":"https:\/\/zonaroja.com.mx\/wp-content\/uploads\/2019\/11\/Jalapa-de-D\u00edaz.jpg","jetpack_sharing_enabled":true,"_links":{"self":[{"href":"https:\/\/zonaroja.com.mx\/index.php?rest_route=\/wp\/v2\/posts\/5818","targetHints":{"allow":["GET"]}}],"collection":[{"href":"https:\/\/zonaroja.com.mx\/index.php?rest_route=\/wp\/v2\/posts"}],"about":[{"href":"https:\/\/zonaroja.com.mx\/index.php?rest_route=\/wp\/v2\/types\/post"}],"author":[{"embeddable":true,"href":"https:\/\/zonaroja.com.mx\/index.php?rest_route=\/wp\/v2\/users\/2"}],"replies":[{"embeddable":true,"href":"https:\/\/zonaroja.com.mx\/index.php?rest_route=%2Fwp%2Fv2%2Fcomments&post=5818"}],"version-history":[{"count":1,"href":"https:\/\/zonaroja.com.mx\/index.php?rest_route=\/wp\/v2\/posts\/5818\/revisions"}],"predecessor-version":[{"id":5821,"href":"https:\/\/zonaroja.com.mx\/index.php?rest_route=\/wp\/v2\/posts\/5818\/revisions\/5821"}],"wp:featuredmedia":[{"embeddable":true,"href":"https:\/\/zonaroja.com.mx\/index.php?rest_route=\/wp\/v2\/media\/5819"}],"wp:attachment":[{"href":"https:\/\/zonaroja.com.mx\/index.php?rest_route=%2Fwp%2Fv2%2Fmedia&parent=5818"}],"wp:term":[{"taxonomy":"category","embeddable":true,"href":"https:\/\/zonaroja.com.mx\/index.php?rest_route=%2Fwp%2Fv2%2Fcategories&post=5818"},{"taxonomy":"post_tag","embeddable":true,"href":"https:\/\/zonaroja.com.mx\/index.php?rest_route=%2Fwp%2Fv2%2Ftags&post=5818"}],"curies":[{"name":"wp","href":"https:\/\/api.w.org\/{rel}","templated":true}]}}