{"id":58188,"date":"2023-07-31T12:29:00","date_gmt":"2023-07-31T17:29:00","guid":{"rendered":"http:\/\/www.zonaroja.com.mx\/?p=58188"},"modified":"2023-07-31T08:49:43","modified_gmt":"2023-07-31T13:49:43","slug":"desaparecio-una-mujer-cada-dos-dias-en-oaxaca-durante-el-mes-de-julio","status":"publish","type":"post","link":"https:\/\/zonaroja.com.mx\/?p=58188","title":{"rendered":"Desapareci\u00f3 una mujer cada dos d\u00edas en Oaxaca durante el mes de julio"},"content":{"rendered":"\n<p>Yuridiana Sosa\/Zona Roja.<\/p>\n\n\n\n<p>Oaxaca de Ju\u00e1rez, Oax., a 31 de julio de 2023.- La desaparici\u00f3n de mujeres en Oaxaca durante julio presenta un dif\u00edcil panorama, pues a\u00fan no termina el mes y en promedio una femenina cada dos d\u00edas no ha vuelto a casa.<\/p>\n\n\n\n<p>Del 1 al 30 de julio, de acuerdo con las fichas reportadas por la Unidad de Personas Desaparecidas y No Localizadas (DNOL), 19 mujeres se encuentran desaparecidas, de las que 12 son menores de edad, es decir el 62.5 por ciento de los reportes vigentes.<\/p>\n\n\n\n<p>La Unidad de la Fiscal\u00eda General dio a conocer el caso de Sara\u00ed Ram\u00edrez Santiago, de 27 a\u00f1os de edad, vista por \u00faltima vez el 23 de julio en San Lucas Tlahichico, Zaachila.<\/p>\n\n\n\n<p>Tambi\u00e9n, de Montserrat Galv\u00e1n Ortiz, de 17 a\u00f1os, quien desapareci\u00f3 el 25 de julio en Santa Mar\u00eda Petapa; de Marely del Carmen P\u00e9rez Rito, de 15 a\u00f1os, desaparecida en Santa Cruz Xoxocotl\u00e1n.<\/p>\n\n\n\n<p>Tambi\u00e9n de Estefan\u00eda L\u00f3pez Garc\u00eda, de 17 a\u00f1os, quien fue vista por \u00faltima vez el 24 de julio aproximadamente a las 21:40 horas en el centro de San Lucas Zoquiapam.<\/p>\n\n\n\n<p>Familiares y amigos perdieron comunicaci\u00f3n con Bianka Monserrat Bautista M\u00e1rquez, de 27 a\u00f1os, desde el pasado 23 de julio tras ser vista en el puente peatonal ubicado en la colonia Del Maestro, de la capital oaxaque\u00f1a.<\/p>\n\n\n\n<p>La menor Mar\u00eda Antonia Sarmiento Contreras, de 15 a\u00f1os desapareci\u00f3 el 26 de julio en el municipio de San Juan Bautista Tuxtepec; Guiee Stine Santiago Rasgado, de 16 a\u00f1os, quien&nbsp;fue vista por \u00faltima vez el 25 de julio en Santa Luc\u00eda del Camino.<\/p>\n\n\n\n<p>Brini Estefani V\u00e1zquez, de 15 a\u00f1os, no es localizada desde el pasado 15 de julio tras ser vista por \u00faltima vez el 15 de julio en calles de la colonia Carlos S\u00e1nchez, del municipio de Juchit\u00e1n de Zaragoza; ese mismo d\u00edas, pero en Oaxaca de Ju\u00e1rez, se perdi\u00f3 comunicaci\u00f3n con Hoselin Gonz\u00e1lez Miguel, de15 a\u00f1os.<\/p>\n\n\n\n<p>En este periodo, las autoridades emitieron \u201cAlerta Amber\u201d por los casos de desaparici\u00f3n de Ecilia Guadalupe Aquino Suarez, de 17 a\u00f1os, a quien se le vio por \u00faltima vez el 15 de julio en la Colonia Jos\u00e9 L\u00f3pez Portillo, del municipio conurbado de Santa Luc\u00eda del Camino y por el caso de Esther Joseline Santiago Santiago, de 11 a\u00f1os, desaparecida el 15 de julio en el Parque Luis Donaldo Colosio de la agencia de San Felipe del Agua, de la ciudad de Oaxaca.<\/p>\n\n\n\n<p>Rosa Isabel Jacinto Luis, de 17 a\u00f1os, fue vista por \u00faltima vez el d\u00eda 14 de julio, en el Barrio Santa Mar\u00eda de Santo Domingo Tehuantepec, mientras que Gloria Garc\u00eda Garc\u00eda, de 32 a\u00f1os, el 12 de julio en &nbsp;el Rodeo Tepelmeme, de Villa de Morelos Coixtlahuaca.<\/p>\n\n\n\n<p>La Fiscal\u00eda de Oaxaca pide la colaboraci\u00f3n para localizar a Ruth Ayleen Ram\u00edrez R\u00edos, de 15 a\u00f1os, desaparecida desde el 11 de julio en la comunidad de Santa Clara, de Santo Domingo Tehuantepec, as\u00ed como para encontrar a Juana Ambrosio M\u00e9ndez, de 51 a\u00f1os,&nbsp;vista por \u00faltima vez el d\u00eda 1 de julio en San Pedro Ap\u00f3stol, Ocotl\u00e1n.<\/p>\n\n\n\n<p>Familiares y autoridades tambi\u00e9n buscan a Esmeralda Abigail Ram\u00edrez Santiago de 17 a\u00f1os, vista por \u00faltima vez el 1 de julio cerca de las 19:00 horas, en San Agust\u00edn Loxicha; Carmen Contreras Contreras, de 18 a\u00f1os, el 8 de julio en Santiago Ap\u00f3stol, Ocotl\u00e1n.<\/p>\n\n\n\n<p>Otros casos son los de Yosselin Rub\u00ed Castellanos Mendoza, de 19 a\u00f1os, no localizada desde el 5 de julio, aproximadamente a las 13:00 horas en Santa Catarina Quiane, Zimatl\u00e1n de \u00c1lvarez, y de Benita Hern\u00e1ndez Yescas de 76 a\u00f1o, vista por \u00faltima vez el d\u00eda 01 de julio en Guelatao de Ju\u00e1rez.<\/p>\n","protected":false},"excerpt":{"rendered":"<p>Yuridiana Sosa\/Zona Roja. Oaxaca de Ju\u00e1rez, Oax., a 31 de julio de 2023.- La desaparici\u00f3n&hellip;<\/p>\n","protected":false},"author":2,"featured_media":58189,"comment_status":"closed","ping_status":"open","sticky":false,"template":"","format":"standard","meta":{"_lmt_disableupdate":"","_lmt_disable":"","_jetpack_memberships_contains_paid_content":false,"footnotes":""},"categories":[109,47],"tags":[455],"class_list":["post-58188","post","type-post","status-publish","format-standard","has-post-thumbnail","hentry","category-minuto-a-minuto","category-zona-gris","tag-mujeres-desaparecidas-oaxaca"],"jetpack_featured_media_url":"https:\/\/zonaroja.com.mx\/wp-content\/uploads\/2023\/07\/Desaparecidas-julio-Oaxaca.jpg","jetpack_sharing_enabled":true,"_links":{"self":[{"href":"https:\/\/zonaroja.com.mx\/index.php?rest_route=\/wp\/v2\/posts\/58188","targetHints":{"allow":["GET"]}}],"collection":[{"href":"https:\/\/zonaroja.com.mx\/index.php?rest_route=\/wp\/v2\/posts"}],"about":[{"href":"https:\/\/zonaroja.com.mx\/index.php?rest_route=\/wp\/v2\/types\/post"}],"author":[{"embeddable":true,"href":"https:\/\/zonaroja.com.mx\/index.php?rest_route=\/wp\/v2\/users\/2"}],"replies":[{"embeddable":true,"href":"https:\/\/zonaroja.com.mx\/index.php?rest_route=%2Fwp%2Fv2%2Fcomments&post=58188"}],"version-history":[{"count":1,"href":"https:\/\/zonaroja.com.mx\/index.php?rest_route=\/wp\/v2\/posts\/58188\/revisions"}],"predecessor-version":[{"id":58190,"href":"https:\/\/zonaroja.com.mx\/index.php?rest_route=\/wp\/v2\/posts\/58188\/revisions\/58190"}],"wp:featuredmedia":[{"embeddable":true,"href":"https:\/\/zonaroja.com.mx\/index.php?rest_route=\/wp\/v2\/media\/58189"}],"wp:attachment":[{"href":"https:\/\/zonaroja.com.mx\/index.php?rest_route=%2Fwp%2Fv2%2Fmedia&parent=58188"}],"wp:term":[{"taxonomy":"category","embeddable":true,"href":"https:\/\/zonaroja.com.mx\/index.php?rest_route=%2Fwp%2Fv2%2Fcategories&post=58188"},{"taxonomy":"post_tag","embeddable":true,"href":"https:\/\/zonaroja.com.mx\/index.php?rest_route=%2Fwp%2Fv2%2Ftags&post=58188"}],"curies":[{"name":"wp","href":"https:\/\/api.w.org\/{rel}","templated":true}]}}