{"id":58191,"date":"2023-07-31T09:07:24","date_gmt":"2023-07-31T14:07:24","guid":{"rendered":"http:\/\/www.zonaroja.com.mx\/?p=58191"},"modified":"2023-07-31T09:07:26","modified_gmt":"2023-07-31T14:07:26","slug":"autoriza-gobierno-de-oaxaca-628-concesiones-de-vehiculos","status":"publish","type":"post","link":"https:\/\/zonaroja.com.mx\/?p=58191","title":{"rendered":"Autoriza gobierno de Oaxaca 628 concesiones de veh\u00edculos"},"content":{"rendered":"\n<p>Ismael Garc\u00eda M.\/Zona Roja.<\/p>\n\n\n\n<p>Oaxaca de Ju\u00e1rez, Pax., a 31 de julio de 2023.- El gobierno de Oaxaca, a trav\u00e9s de la Secretar\u00eda de Movilidad (Semovi), inici\u00f3 la entrega de al menos 628 concesiones para transporte de alquiler, en sus distintas modalidades.<\/p>\n\n\n\n<p>De acuerdo con la publicaci\u00f3n del Peri\u00f3dico Oficial del Estado n\u00famero 28, con fecha 15 de julio de este a\u00f1o, se dio a conocer el listado de beneficiarios del programa \u201cPermisionario-Concesionario\u201d.<\/p>\n\n\n\n<p>Ello \u201cderivado del acuerdo modificatorio publicado el 18 de diciembre de 2021 en el Peri\u00f3dico Oficial del Estado, que a la letra menciona \u2018que establece que los permisos para la prestaci\u00f3n del servicio de transporte p\u00fablico en todas sus modalidades emitidos inicialmente por la Coordinaci\u00f3n General de Transporte y que hayan sido refrendados por lo menos una vez por la autoridad competente de esta secretar\u00eda y previo pago de derechos a la Secretar\u00eda de Finanzas del Estado de Oaxaca, se sustituyan por t\u00edtulos de concesiones de conformidad con la Ley de Transporte para el Estado de Oaxaca y su reglamento vigente\u2019\u201d.<\/p>\n\n\n\n<p>A lo largo de la edici\u00f3n especial detalla la lista de los beneficiarios, en diversos municipios, como Chahuites, San Lorenzo Cacaotepec, San Antonino Castillo Velasco, San Pablo Huitzo, Uni\u00f3n Hidalgo, San Sebasti\u00e1n Teitipac, Ocotl\u00e1n de Morelos, San Andr\u00e9s Paxtl\u00e1n, Santos Reyes Nopala, San Juan Teitipac, Oaxaca de Ju\u00e1rez, por mencionar algunos.<\/p>\n\n\n\n<p>El documento de la autorizaci\u00f3n de concesiones lo firman la directora de Concesiones de la Secretar\u00eda de Movilidad, Elena Azcona Romero, y Pedro Alexis Gonz\u00e1lez Arrazola, jefe del Departamento de Concesiones de la misma dependencia, que encabeza Claudina De Gyves.<\/p>\n","protected":false},"excerpt":{"rendered":"<p>Ismael Garc\u00eda M.\/Zona Roja. Oaxaca de Ju\u00e1rez, Pax., a 31 de julio de 2023.- El&hellip;<\/p>\n","protected":false},"author":2,"featured_media":58192,"comment_status":"closed","ping_status":"open","sticky":false,"template":"","format":"standard","meta":{"_lmt_disableupdate":"","_lmt_disable":"","_jetpack_memberships_contains_paid_content":false,"footnotes":""},"categories":[109,47],"tags":[2484],"class_list":["post-58191","post","type-post","status-publish","format-standard","has-post-thumbnail","hentry","category-minuto-a-minuto","category-zona-gris","tag-secretaria-de-movilidad-semovi"],"jetpack_featured_media_url":"https:\/\/zonaroja.com.mx\/wp-content\/uploads\/2023\/07\/Concesiones-de-taxis-gobierno-de-Salomon-Jara.jpg","jetpack_sharing_enabled":true,"_links":{"self":[{"href":"https:\/\/zonaroja.com.mx\/index.php?rest_route=\/wp\/v2\/posts\/58191","targetHints":{"allow":["GET"]}}],"collection":[{"href":"https:\/\/zonaroja.com.mx\/index.php?rest_route=\/wp\/v2\/posts"}],"about":[{"href":"https:\/\/zonaroja.com.mx\/index.php?rest_route=\/wp\/v2\/types\/post"}],"author":[{"embeddable":true,"href":"https:\/\/zonaroja.com.mx\/index.php?rest_route=\/wp\/v2\/users\/2"}],"replies":[{"embeddable":true,"href":"https:\/\/zonaroja.com.mx\/index.php?rest_route=%2Fwp%2Fv2%2Fcomments&post=58191"}],"version-history":[{"count":1,"href":"https:\/\/zonaroja.com.mx\/index.php?rest_route=\/wp\/v2\/posts\/58191\/revisions"}],"predecessor-version":[{"id":58193,"href":"https:\/\/zonaroja.com.mx\/index.php?rest_route=\/wp\/v2\/posts\/58191\/revisions\/58193"}],"wp:featuredmedia":[{"embeddable":true,"href":"https:\/\/zonaroja.com.mx\/index.php?rest_route=\/wp\/v2\/media\/58192"}],"wp:attachment":[{"href":"https:\/\/zonaroja.com.mx\/index.php?rest_route=%2Fwp%2Fv2%2Fmedia&parent=58191"}],"wp:term":[{"taxonomy":"category","embeddable":true,"href":"https:\/\/zonaroja.com.mx\/index.php?rest_route=%2Fwp%2Fv2%2Fcategories&post=58191"},{"taxonomy":"post_tag","embeddable":true,"href":"https:\/\/zonaroja.com.mx\/index.php?rest_route=%2Fwp%2Fv2%2Ftags&post=58191"}],"curies":[{"name":"wp","href":"https:\/\/api.w.org\/{rel}","templated":true}]}}