{"id":58223,"date":"2023-07-31T18:54:12","date_gmt":"2023-07-31T23:54:12","guid":{"rendered":"http:\/\/www.zonaroja.com.mx\/?p=58223"},"modified":"2023-07-31T18:54:15","modified_gmt":"2023-07-31T23:54:15","slug":"con-megabloqueos-carreteros-taxistas-del-istmo-obligan-a-dialogo-con-gobierno","status":"publish","type":"post","link":"https:\/\/zonaroja.com.mx\/?p=58223","title":{"rendered":"Con megabloqueos carreteros, taxistas del Istmo obligan a di\u00e1logo con gobierno"},"content":{"rendered":"\n<p>Yuridiana Sosa\/Zona Roja.<\/p>\n\n\n\n<p>Oaxaca de Ju\u00e1rez, Oax., a 31 de julio de 2023.- Cientos transportistas del servicio de taxi de Juchit\u00e1n de Zaragoza sitiaron diversos puntos carreteros en el municipio, en protestas contra la titular de la Secretar\u00eda de Movilidad (Semovi), Claudina de Gyves Mendoza, por la desatenci\u00f3n a sus demandas.<\/p>\n\n\n\n<p>Por casi ocho horas los taxistas bloquearon los accesos a los municipios conurbados y las conexiones viales a los estados de Chiapas y Veracruz, lo que caus\u00f3 graves afectaciones para viajeros y los mismos istme\u00f1os.<\/p>\n\n\n\n<p>Entre algunas exigencias desatendidas hasta ahora, es la regularizaci\u00f3n del servicio de mototaxis, el cual este lunes se mantuvo como el principal medio de transporte en algunas zonas afectadas, para que las personas superaran los bloqueos.<\/p>\n\n\n\n<p>Organizados desde horas antes, como lo anunciaron, los taxistas de diferentes sitios de distribuyeron para cerrar el paso en siete puntos principales de movilidad.<\/p>\n\n\n\n<p>Los bloqueos se registraron en la carretera federal Panamericana 190, en jurisdicci\u00f3n de la colonia 28 de Enero; crucero del Tecnol\u00f3gico; crucero Canal 33; crucero principal, en colonia 15 de Septiembre.<\/p>\n\n\n\n<p>As\u00ed tambi\u00e9n en la carretera Juchit\u00e1n-Tehuantepec a la altura del IMECA; carretera local Juchit\u00e1n-Ixtepec, en el punto de Pimpollo; Carretera Juchit\u00e1n-Uni\u00f3n Hidalgo, en el crucero.<\/p>\n\n\n\n<p>Los inconformes tambi\u00e9n se manifestaron en las oficinas del Gobierno del Estado ubicadas en avenida Miguel Hidalgo entre las calles 5 de Septiembre y 5 de Mayo de la colonia Centro de Juchit\u00e1n.<\/p>\n\n\n\n<p>Los bloqueos se retiraron por la tarde, luego que la Secretar\u00eda de Gobierno y la Secretar\u00eda de Movilidad se comprometieron a instalar una mesa de di\u00e1logo este martes para escuchar las peticiones de los taxistas.<\/p>\n\n\n\n<p>Horas antes, en conferencia de prensa del mandatario Salom\u00f3n Jara Cruz, el secretario Jes\u00fas Romero L\u00f3pez dijo que efectuar bloqueos con unidades congestionadas es un delito, por lo que se les podr\u00eda retirar la concesi\u00f3n.<\/p>\n\n\n\n<p>En tanto, en un comunicado, el Gobierno del Estado lament\u00f3 que los concesionarios est\u00e9n acostumbrados a determinar el ritmo, la negociaci\u00f3n y los criterios de asignaci\u00f3n de permisos y tr\u00e1mites, \u201colvid\u00e1ndose que el transporte p\u00fablico es una concesi\u00f3n que otorga el Estado\u00bb.<\/p>\n\n\n\n<p>El responsable de la pol\u00edtica interior en Oaxaca, record\u00f3 que utilizar un veh\u00edculo del transporte concesionado para bloquear una v\u00eda implica un delito, cuya sanci\u00f3n puede incluso ser la revocaci\u00f3n del permiso por parte del Estado.<\/p>\n\n\n\n<p>\u00abEn algunos casos utilizan el veh\u00edculo para la comisi\u00f3n de delitos, mediante bloqueos y advertencias dirigidas al gobierno para hacer las cosas como ellos plantean, olvidando que tienen una concesi\u00f3n que no puede ser utilizada para este fin\u00bb, se\u00f1al\u00f3.<\/p>\n\n\n\n<p>Romero L\u00f3pez inform\u00f3 que el Delegado de Paz de la regi\u00f3n del Istmo tuvo un acercamiento con las personas inconformes para establecer una mesa de di\u00e1logo entre la Sego y los concesionarios, acordando el retiro de los bloqueos para evitar mayores afectaciones a la econom\u00eda regional.<\/p>\n\n\n\n<p>Afirm\u00f3 que la Semovi revisar\u00e1 cada caso a fin de encontrar soluciones con apego a la ley y no bajo las arbitrariedades del pasado.<\/p>\n\n\n\n<p>\u00abEn la actual administraci\u00f3n estatal no existen compromisos con nadie y se act\u00faa con apego al orden y la legalidad\u00bb, puntualiz\u00f3.<\/p>\n","protected":false},"excerpt":{"rendered":"<p>Yuridiana Sosa\/Zona Roja. Oaxaca de Ju\u00e1rez, Oax., a 31 de julio de 2023.- Cientos transportistas&hellip;<\/p>\n","protected":false},"author":2,"featured_media":58222,"comment_status":"closed","ping_status":"open","sticky":false,"template":"","format":"standard","meta":{"_lmt_disableupdate":"","_lmt_disable":"","_jetpack_memberships_contains_paid_content":false,"footnotes":""},"categories":[109,47],"tags":[2264],"class_list":["post-58223","post","type-post","status-publish","format-standard","has-post-thumbnail","hentry","category-minuto-a-minuto","category-zona-gris","tag-bloqueos-y-protestas-oaxaca"],"jetpack_featured_media_url":"https:\/\/zonaroja.com.mx\/wp-content\/uploads\/2023\/07\/Bloqueo-taxistas-Juchitan.jpg","jetpack_sharing_enabled":true,"_links":{"self":[{"href":"https:\/\/zonaroja.com.mx\/index.php?rest_route=\/wp\/v2\/posts\/58223","targetHints":{"allow":["GET"]}}],"collection":[{"href":"https:\/\/zonaroja.com.mx\/index.php?rest_route=\/wp\/v2\/posts"}],"about":[{"href":"https:\/\/zonaroja.com.mx\/index.php?rest_route=\/wp\/v2\/types\/post"}],"author":[{"embeddable":true,"href":"https:\/\/zonaroja.com.mx\/index.php?rest_route=\/wp\/v2\/users\/2"}],"replies":[{"embeddable":true,"href":"https:\/\/zonaroja.com.mx\/index.php?rest_route=%2Fwp%2Fv2%2Fcomments&post=58223"}],"version-history":[{"count":1,"href":"https:\/\/zonaroja.com.mx\/index.php?rest_route=\/wp\/v2\/posts\/58223\/revisions"}],"predecessor-version":[{"id":58224,"href":"https:\/\/zonaroja.com.mx\/index.php?rest_route=\/wp\/v2\/posts\/58223\/revisions\/58224"}],"wp:featuredmedia":[{"embeddable":true,"href":"https:\/\/zonaroja.com.mx\/index.php?rest_route=\/wp\/v2\/media\/58222"}],"wp:attachment":[{"href":"https:\/\/zonaroja.com.mx\/index.php?rest_route=%2Fwp%2Fv2%2Fmedia&parent=58223"}],"wp:term":[{"taxonomy":"category","embeddable":true,"href":"https:\/\/zonaroja.com.mx\/index.php?rest_route=%2Fwp%2Fv2%2Fcategories&post=58223"},{"taxonomy":"post_tag","embeddable":true,"href":"https:\/\/zonaroja.com.mx\/index.php?rest_route=%2Fwp%2Fv2%2Ftags&post=58223"}],"curies":[{"name":"wp","href":"https:\/\/api.w.org\/{rel}","templated":true}]}}