{"id":58236,"date":"2023-08-01T07:46:25","date_gmt":"2023-08-01T12:46:25","guid":{"rendered":"http:\/\/www.zonaroja.com.mx\/?p=58236"},"modified":"2023-08-01T07:46:29","modified_gmt":"2023-08-01T12:46:29","slug":"suman-dos-cuerpos-sin-vida-hallados-en-oaxaca-tienen-huellas-de-violencia","status":"publish","type":"post","link":"https:\/\/zonaroja.com.mx\/?p=58236","title":{"rendered":"Suman dos cuerpos sin vida hallados en Oaxaca; tienen huellas de violencia"},"content":{"rendered":"\n<p>Redacci\u00f3n\/Zona Roja.<\/p>\n\n\n\n<p>Oaxaca de Ju\u00e1rez, Oax., a 1 de agosto de 2023.- Dos cuerpos sin vida y en estado de putrefacci\u00f3n fueron hallados este lunes en las regiones Sierra Sur e Istmo de Tehuantepec, Oaxaca.<\/p>\n\n\n\n<p>El m\u00e1s reciente caso se dio a conocer en Miahuatl\u00e1n de Porfirio D\u00edaz, en un domicilio ubicado en la calle 16 de Septiembre del Barrio de Abajo.<\/p>\n\n\n\n<p>Tras la alerta de los vecinos, corporaciones policiacas arribaron al sitio y corroboraron la existencia de un cad\u00e1ver, tras lo cual dieron aviso a la representaci\u00f3n de la Fiscal\u00eda General del Estado.<\/p>\n\n\n\n<p>La v\u00edctima a\u00fan no ha sido identificada y se desconoce la forma en que perdi\u00f3 la vida.<\/p>\n\n\n\n<p>Otro caso ocurri\u00f3 durante la ma\u00f1ana en la localidad de La Ventosa, perteneciente al municipio de Juchit\u00e1n de Zaragoza.<\/p>\n\n\n\n<p>En un basurero fue localizado un cuerpo en estado de descomposici\u00f3n, con huellas de violencia; presumiblemente se hallaba maniatado.<\/p>\n\n\n\n<p>Seg\u00fan revel\u00f3 la autoridad, la v\u00edctima vest\u00eda un pantal\u00f3n y playera color negro y presentaba ataduras en el cuello y manos, adem\u00e1s de traer el pelo te\u00f1ido de color amarillo.<\/p>\n\n\n\n<p>La v\u00edctima a\u00fan no ha sido identificada y la Vicefiscal\u00eda Regional del Istmo indaga las causas del deceso y la identidad.<\/p>\n","protected":false},"excerpt":{"rendered":"<p>Redacci\u00f3n\/Zona Roja. Oaxaca de Ju\u00e1rez, Oax., a 1 de agosto de 2023.- Dos cuerpos sin&hellip;<\/p>\n","protected":false},"author":2,"featured_media":58228,"comment_status":"closed","ping_status":"open","sticky":false,"template":"","format":"standard","meta":{"_lmt_disableupdate":"","_lmt_disable":"","_jetpack_memberships_contains_paid_content":false,"footnotes":""},"categories":[109,51],"tags":[123],"class_list":["post-58236","post","type-post","status-publish","format-standard","has-post-thumbnail","hentry","category-minuto-a-minuto","category-zona-roja","tag-juchitan-de-zaragoza"],"jetpack_featured_media_url":"https:\/\/zonaroja.com.mx\/wp-content\/uploads\/2023\/07\/Asesinado-La-Ventosa-Juchitan.jpg","jetpack_sharing_enabled":true,"_links":{"self":[{"href":"https:\/\/zonaroja.com.mx\/index.php?rest_route=\/wp\/v2\/posts\/58236","targetHints":{"allow":["GET"]}}],"collection":[{"href":"https:\/\/zonaroja.com.mx\/index.php?rest_route=\/wp\/v2\/posts"}],"about":[{"href":"https:\/\/zonaroja.com.mx\/index.php?rest_route=\/wp\/v2\/types\/post"}],"author":[{"embeddable":true,"href":"https:\/\/zonaroja.com.mx\/index.php?rest_route=\/wp\/v2\/users\/2"}],"replies":[{"embeddable":true,"href":"https:\/\/zonaroja.com.mx\/index.php?rest_route=%2Fwp%2Fv2%2Fcomments&post=58236"}],"version-history":[{"count":1,"href":"https:\/\/zonaroja.com.mx\/index.php?rest_route=\/wp\/v2\/posts\/58236\/revisions"}],"predecessor-version":[{"id":58237,"href":"https:\/\/zonaroja.com.mx\/index.php?rest_route=\/wp\/v2\/posts\/58236\/revisions\/58237"}],"wp:featuredmedia":[{"embeddable":true,"href":"https:\/\/zonaroja.com.mx\/index.php?rest_route=\/wp\/v2\/media\/58228"}],"wp:attachment":[{"href":"https:\/\/zonaroja.com.mx\/index.php?rest_route=%2Fwp%2Fv2%2Fmedia&parent=58236"}],"wp:term":[{"taxonomy":"category","embeddable":true,"href":"https:\/\/zonaroja.com.mx\/index.php?rest_route=%2Fwp%2Fv2%2Fcategories&post=58236"},{"taxonomy":"post_tag","embeddable":true,"href":"https:\/\/zonaroja.com.mx\/index.php?rest_route=%2Fwp%2Fv2%2Ftags&post=58236"}],"curies":[{"name":"wp","href":"https:\/\/api.w.org\/{rel}","templated":true}]}}