{"id":58238,"date":"2023-08-01T09:30:00","date_gmt":"2023-08-01T14:30:00","guid":{"rendered":"http:\/\/www.zonaroja.com.mx\/?p=58238"},"modified":"2023-08-01T07:49:24","modified_gmt":"2023-08-01T12:49:24","slug":"arrestan-en-espana-a-lider-de-los-zetas-en-europa","status":"publish","type":"post","link":"https:\/\/zonaroja.com.mx\/?p=58238","title":{"rendered":"Arrestan en Espa\u00f1a a l\u00edder de \u201cLos Zetas\u201d en Europa"},"content":{"rendered":"\n<p>Redacci\u00f3n\/Zona Roja Cdmx.<\/p>\n\n\n\n<p>Ciudad de M\u00e9xico, a 1 de agosto de 2023.- La polic\u00eda espa\u00f1ola notific\u00f3 este lunes el arresto de Said \u201cN\u201d, quien estar\u00eda relacionado con el c\u00e1rtel mexicano \u201cLos Zetas\u201d.&nbsp;<\/p>\n\n\n\n<p>La captura ocurri\u00f3 en territorio europeo, donde se detuvieron a cinco personas y se decomisaron 400 kilos de coca\u00edna, 220 mil euros en efectivo, dos veh\u00edculos, 10 tel\u00e9fonos y diversos documentos.&nbsp;<\/p>\n\n\n\n<p>En un comunicado, las autoridades espa\u00f1olas notificaron que el detenido es representante en Europa del grupo criminal mexicano \u201cLos Zetas\u201d y que se trata del: \u201cSegundo gran golpe de la Polic\u00eda Nacional contra las organizaciones criminales mexicanas\u201d agrega que el objetivo es: \u201cEvitar su implantaci\u00f3n en Espa\u00f1a\u201d.<\/p>\n\n\n\n<p>El detenido es Said \u201cN\u201d hombre de 52 a\u00f1os y &nbsp;de origen marroqu\u00ed.&nbsp;De acuerdo con las autoridades es: \u201cUn narcotraficante que, si bien ten\u00eda su residencia en Madrid, se caracterizaba por llevar una vida n\u00f3mada, cuyos constantes desplazamientos complicaban el trabajo de los grupos de investigaci\u00f3n\u201d.<\/p>\n\n\n\n<p>DESBORDA NOTICIA<\/p>\n\n\n\n<p>Medios espa\u00f1oles como \u201cEl Pa\u00eds\u201d, \u201cEuropa Press\u201d, \u201cABC\u201d, \u201cEl Mundo\u201d, \u201cEl Independiente\u201d y otros dieron amplia cobertura al suceso.&nbsp;<\/p>\n\n\n\n<p>\u201cEl Pa\u00eds\u201d titul\u00f3: \u201cDetenidos el Repetido y el \u2018embajador\u2019 de \u2018Los Zetas\u2019 mexicanos en Europa con 400 kilos de coca\u00edna\u201d.&nbsp;<\/p>\n\n\n\n<p>El diario \u201cABC\u201d relat\u00f3 que se trata del \u201csegundo gran golpe\u201d en contra de las organizaciones criminales mexicanas que quieren asentarse en Espa\u00f1a.<\/p>\n\n\n\n<p>Mientras que \u201cEuropa Press\u201d public\u00f3 un resumen en video de la noticia, con la polic\u00eda explicando los detalles de la detenci\u00f3n.<\/p>\n\n\n\n<p>\u201cEl Independiente\u201d&nbsp;resalta la nacionalidad marroqu\u00ed del personero de \u201cLos Zetas\u201d en Europa. Y comienza la nota diciendo: \u201cLlevaba tiempo trabajando en Espa\u00f1a y en Europa. Lo hac\u00eda de manera n\u00f3mada, yendo de aqu\u00ed para all\u00e1, reuni\u00e9ndose con gente y colocando a los suyos a los largo del continente. Su objetivo, la implantaci\u00f3n del c\u00e1rtel mexicano de \u00b4Los Zetas\u2019\u201d.<\/p>\n\n\n\n<p>DURO GOLPE<\/p>\n\n\n\n<p>De acuerdo con la polic\u00eda, el representante de&nbsp;\u201cLos Zetas\u201d&nbsp;en Espa\u00f1a: \u201cDistribu\u00eda personas de su confianza a lo largo del territorio nacional y en Europa, en concreto en Pa\u00edses Bajos\u201d, a partir de investigaciones, menciona el comunicado, identificaron que hab\u00eda incrementado su nivel de seguridad y de reuniones, por lo cual dedujeron que podr\u00eda estar cerca de concluir una&nbsp;operaci\u00f3n de tr\u00e1fico de coca\u00edna.<\/p>\n\n\n\n<p>Dentro de sus investigaciones, tambi\u00e9n detectaron que mantuvo algunos encuentros con otro narcotraficante colombiano, de apodo \u201cEl Repetido\u201d, quien tambi\u00e9n fue aprehendido. De acuerdo con las autoridades espa\u00f1olas, se trat\u00f3 de un operativo en conjunto: \u201cLa cooperaci\u00f3n policial internacional ha sido fundamental para lograr la desarticulaci\u00f3n de la organizaci\u00f3n en el extranjero\u201d.<\/p>\n\n\n\n<p>Respecto a la detenci\u00f3n del presunto representante de los \u201cZetas\u201d,&nbsp;las autoridades mexicanas no se han pronunciado al respecto.&nbsp;&nbsp;<\/p>\n\n\n\n<p>El primer enlace de carteles mexicanos en Espa\u00f1a detenido fue Juan Manuel Mu\u00f1oz Lu\u00e9vano, alias el&nbsp;\u201cMono Mu\u00f1oz\u201d, fue capturado en 2016 en la ciudad de Madrid.<\/p>\n\n\n\n<p>ALERTA DE LA DEA<\/p>\n\n\n\n<p>La semana pasada, La directora de la DEA, Anne Milgram, declar\u00f3 ante el subcomit\u00e9 judicial de crimen y vigilancia que el C\u00e1rtel&nbsp;de Sinaloa y de Jalisco Nueva Generaci\u00f3n, tienen m\u00e1s de 44 mil elementos trabajando en m\u00e1s de 100 pa\u00edses.&nbsp;<\/p>\n\n\n\n<p>La titular de la DEA asegur\u00f3 que mediante un mapeo se identific\u00f3 que el C\u00e1rtel de Sinaloa tiene m\u00e1s de&nbsp;26 mil miembros,&nbsp;asociados, facilitadores e intermediarios distribuidos en diferentes pa\u00edses. Por su parte, el C\u00e1rtel de Jalisco tiene m\u00e1s de 18 mil 800 colaboradores&nbsp;en las mismas condiciones. El cartel de los Zetas no estuvo involucrado dentro del registro mencionado por Milgram.<\/p>\n\n\n\n<p>De acuerdo con el informe presentado por Milgram, el C\u00e1rtel de Jalisco es el grupo criminal con mayor presencia en M\u00e9xico. Este se encuentra en 21 de los 32 estados de la Rep\u00fablica, mientras que el C\u00e1rtel de Sinaloa se encuentra en 19 estados mexicanos.<\/p>\n\n\n\n<p>Milgram tambi\u00e9n afirm\u00f3 que ya se han identificado a personajes involucrados en la red criminal: \u00abHemos podido identificar no solo a los miembros de esos c\u00e1rteles, sino tambi\u00e9n a los facilitadores, los mayoristas, los lavadores de dinero y tambi\u00e9n a las personas de nuestras comunidades que son esa \u00faltima milla las que est\u00e1n poniendo ese fentanilo en manos de un estadounidense\u201d.<\/p>\n\n\n\n<p>AMLO PIDI\u00d3 PRUEBAS<\/p>\n\n\n\n<p>Ante lo mencionado por Anne Milgram, el presidente L\u00f3pez Obrador declar\u00f3 que el gobierno mexicano no tiene informaci\u00f3n respecto a lo dicho por la titular de la DEA.&nbsp;<\/p>\n\n\n\n<p>Los comentarios emitidos por el presidente se realizaron el viernes 28 de julio, durante su conferencia matutina.<\/p>\n\n\n\n<p>El mandatario mencion\u00f3: \u201cNo tenemos esa informaci\u00f3n, no s\u00e9 de d\u00f3nde sac\u00f3 la se\u00f1ora de la DEA, ojal\u00e1 y nos dieran m\u00e1s detalles, porque creo que habla que el C\u00e1rtel de Sinaloa y el C\u00e1rtel Nueva Generaci\u00f3n tienen m\u00e1s de 40 mil elementos en 100 pa\u00edses, 20 mil el de Sinaloa y 20 mil el Jalisco. Que nos digan cu\u00e1les son las pruebas que tienen\u201d.<\/p>\n\n\n\n<p>(Informaci\u00f3n de Emeequis)<\/p>\n","protected":false},"excerpt":{"rendered":"<p>Redacci\u00f3n\/Zona Roja Cdmx. Ciudad de M\u00e9xico, a 1 de agosto de 2023.- La polic\u00eda espa\u00f1ola&hellip;<\/p>\n","protected":false},"author":2,"featured_media":58239,"comment_status":"closed","ping_status":"open","sticky":false,"template":"","format":"standard","meta":{"_lmt_disableupdate":"","_lmt_disable":"","_jetpack_memberships_contains_paid_content":false,"footnotes":""},"categories":[109,47],"tags":[],"class_list":["post-58238","post","type-post","status-publish","format-standard","has-post-thumbnail","hentry","category-minuto-a-minuto","category-zona-gris"],"jetpack_featured_media_url":"https:\/\/zonaroja.com.mx\/wp-content\/uploads\/2023\/08\/Zeta-detenido-en-Espana.jpeg","jetpack_sharing_enabled":true,"_links":{"self":[{"href":"https:\/\/zonaroja.com.mx\/index.php?rest_route=\/wp\/v2\/posts\/58238","targetHints":{"allow":["GET"]}}],"collection":[{"href":"https:\/\/zonaroja.com.mx\/index.php?rest_route=\/wp\/v2\/posts"}],"about":[{"href":"https:\/\/zonaroja.com.mx\/index.php?rest_route=\/wp\/v2\/types\/post"}],"author":[{"embeddable":true,"href":"https:\/\/zonaroja.com.mx\/index.php?rest_route=\/wp\/v2\/users\/2"}],"replies":[{"embeddable":true,"href":"https:\/\/zonaroja.com.mx\/index.php?rest_route=%2Fwp%2Fv2%2Fcomments&post=58238"}],"version-history":[{"count":1,"href":"https:\/\/zonaroja.com.mx\/index.php?rest_route=\/wp\/v2\/posts\/58238\/revisions"}],"predecessor-version":[{"id":58240,"href":"https:\/\/zonaroja.com.mx\/index.php?rest_route=\/wp\/v2\/posts\/58238\/revisions\/58240"}],"wp:featuredmedia":[{"embeddable":true,"href":"https:\/\/zonaroja.com.mx\/index.php?rest_route=\/wp\/v2\/media\/58239"}],"wp:attachment":[{"href":"https:\/\/zonaroja.com.mx\/index.php?rest_route=%2Fwp%2Fv2%2Fmedia&parent=58238"}],"wp:term":[{"taxonomy":"category","embeddable":true,"href":"https:\/\/zonaroja.com.mx\/index.php?rest_route=%2Fwp%2Fv2%2Fcategories&post=58238"},{"taxonomy":"post_tag","embeddable":true,"href":"https:\/\/zonaroja.com.mx\/index.php?rest_route=%2Fwp%2Fv2%2Ftags&post=58238"}],"curies":[{"name":"wp","href":"https:\/\/api.w.org\/{rel}","templated":true}]}}