{"id":58241,"date":"2023-08-01T11:30:00","date_gmt":"2023-08-01T16:30:00","guid":{"rendered":"http:\/\/www.zonaroja.com.mx\/?p=58241"},"modified":"2023-08-01T07:51:00","modified_gmt":"2023-08-01T12:51:00","slug":"sentencia-a-30-anos-de-prision-a-sujeto-por-robo-con-violencia-en-juchitan","status":"publish","type":"post","link":"https:\/\/zonaroja.com.mx\/?p=58241","title":{"rendered":"Sentencia a 30 a\u00f1os de prisi\u00f3n a sujeto por robo con violencia, en Juchit\u00e1n"},"content":{"rendered":"\n<p>Redacci\u00f3n\/Zona Roja.<\/p>\n\n\n\n<p>Oaxaca de Ju\u00e1rez, Oax., a 1 de agosto de 2023.-&nbsp;La Fiscal\u00eda General del Estado de Oaxaca obtuvo una sentencia condenatoria de 30 a\u00f1os de prisi\u00f3n contra una persona identificada como O.J.M., por los delitos de robo calificado con violencia f\u00edsica y lesiones calificadas con violencia, ocurridos en Juchit\u00e1n de Zaragoza.<\/p>\n\n\n\n<p>De acuerdo con el expediente penal, el 17 de julio de 2022, el sentenciado ingres\u00f3 a un domicilio particular ubicado en la Novena Secci\u00f3n del citado municipio, donde despoj\u00f3 de 150 mil pesos a las v\u00edctimas, a quienes, adem\u00e1s, les provoc\u00f3 lesiones con arma de fuego.<\/p>\n\n\n\n<p>Ante ello, elementos de la polic\u00eda municipal lograron la detenci\u00f3n de O. J. M., para posteriormente ponerlo a disposici\u00f3n del Ministerio P\u00fablico, quedando la investigaci\u00f3n a cargo de la Vicefiscal\u00eda Regional del Istmo.<\/p>\n\n\n\n<p>Luego de llevar a cabo las diligencias correspondientes y presentar las pruebas ante el Juez, la FGEO obtuvo la sentencia condenatoria, por los delitos de robo calificado con violencia f\u00edsica y lesiones calificadas con violencia, sumando una pena de 30 a\u00f1os de prisi\u00f3n.<\/p>\n\n\n\n<p>As\u00ed tambi\u00e9n, el Juez fij\u00f3 una multa de 56 mil 615 pesos, as\u00ed como 150 mil pesos por concepto de reparaci\u00f3n del da\u00f1o.<\/p>\n\n\n\n<p>Ante delitos que da\u00f1an f\u00edsica y patrimonialmente a las personas, la Fiscal\u00eda General del Estado de Oaxaca refrenda su compromiso de procurar justicia a las v\u00edctimas directas, como una acci\u00f3n prioritaria para evitar la repetici\u00f3n de los hechos y buscar medidas de reparaci\u00f3n.<\/p>\n","protected":false},"excerpt":{"rendered":"<p>Redacci\u00f3n\/Zona Roja. Oaxaca de Ju\u00e1rez, Oax., a 1 de agosto de 2023.-&nbsp;La Fiscal\u00eda General del&hellip;<\/p>\n","protected":false},"author":2,"featured_media":18328,"comment_status":"closed","ping_status":"open","sticky":false,"template":"","format":"standard","meta":{"_lmt_disableupdate":"","_lmt_disable":"","_jetpack_memberships_contains_paid_content":false,"footnotes":""},"categories":[109,46],"tags":[494],"class_list":["post-58241","post","type-post","status-publish","format-standard","has-post-thumbnail","hentry","category-minuto-a-minuto","category-zona-blanca","tag-fiscalia-general-del-estado-de-oaxaca"],"jetpack_featured_media_url":"https:\/\/zonaroja.com.mx\/wp-content\/uploads\/2020\/10\/Sala-de-Juicio-Oral.jpg","jetpack_sharing_enabled":true,"_links":{"self":[{"href":"https:\/\/zonaroja.com.mx\/index.php?rest_route=\/wp\/v2\/posts\/58241","targetHints":{"allow":["GET"]}}],"collection":[{"href":"https:\/\/zonaroja.com.mx\/index.php?rest_route=\/wp\/v2\/posts"}],"about":[{"href":"https:\/\/zonaroja.com.mx\/index.php?rest_route=\/wp\/v2\/types\/post"}],"author":[{"embeddable":true,"href":"https:\/\/zonaroja.com.mx\/index.php?rest_route=\/wp\/v2\/users\/2"}],"replies":[{"embeddable":true,"href":"https:\/\/zonaroja.com.mx\/index.php?rest_route=%2Fwp%2Fv2%2Fcomments&post=58241"}],"version-history":[{"count":1,"href":"https:\/\/zonaroja.com.mx\/index.php?rest_route=\/wp\/v2\/posts\/58241\/revisions"}],"predecessor-version":[{"id":58242,"href":"https:\/\/zonaroja.com.mx\/index.php?rest_route=\/wp\/v2\/posts\/58241\/revisions\/58242"}],"wp:featuredmedia":[{"embeddable":true,"href":"https:\/\/zonaroja.com.mx\/index.php?rest_route=\/wp\/v2\/media\/18328"}],"wp:attachment":[{"href":"https:\/\/zonaroja.com.mx\/index.php?rest_route=%2Fwp%2Fv2%2Fmedia&parent=58241"}],"wp:term":[{"taxonomy":"category","embeddable":true,"href":"https:\/\/zonaroja.com.mx\/index.php?rest_route=%2Fwp%2Fv2%2Fcategories&post=58241"},{"taxonomy":"post_tag","embeddable":true,"href":"https:\/\/zonaroja.com.mx\/index.php?rest_route=%2Fwp%2Fv2%2Ftags&post=58241"}],"curies":[{"name":"wp","href":"https:\/\/api.w.org\/{rel}","templated":true}]}}