{"id":58243,"date":"2023-08-01T10:30:00","date_gmt":"2023-08-01T15:30:00","guid":{"rendered":"http:\/\/www.zonaroja.com.mx\/?p=58243"},"modified":"2023-08-01T07:54:14","modified_gmt":"2023-08-01T12:54:14","slug":"vencio-plazo-y-no-hay-retorno-de-desplazados-reclaman-triquis-a-gobierno","status":"publish","type":"post","link":"https:\/\/zonaroja.com.mx\/?p=58243","title":{"rendered":"Venci\u00f3 plazo y no hay retorno de desplazados, reclaman triquis a gobierno"},"content":{"rendered":"\n<p>Ismael Garc\u00eda M.\/Zona Roja.<\/p>\n\n\n\n<p>Oaxaca de Ju\u00e1rez, Oax., a 1 de agosto de 2023.- Ayer 31 de julio venci\u00f3 el plazo de 60 d\u00edas que dio el gobierno de Oaxaca para iniciar el retorno de los desplazados de Tierra Blanca Copala, Santiago Juxtlahuaca, pero no se cumpli\u00f3.<\/p>\n\n\n\n<p>As\u00ed lo reclamaron las v\u00edctimas de la violencia y desplazamiento, aglutinados en la organizaci\u00f3n Movimiento de Unificaci\u00f3n y Lucha Triqui Independiente (MULTI), al dar a conocer la minuta que hab\u00edan firmado las autoridades estatales, para respaldar el retorno de 143 familias.<\/p>\n\n\n\n<p>\u201cDerivado de la jornada de lucha emprendida por nuestro movimiento durante la segunda semana de mayo del presente a\u00f1o, en el marco del 13 aniversario luctuoso de nuestro m\u00e1ximo dirigente: Timoteo Alejandro Ramirez, se generaron reuniones de trabajo entre el Gobierno del Estado de Oaxaca y una representaci\u00f3n de los desplazados, en donde, este se comprometi\u00f3 entre otros temas a operar el retorno seguro de los desplazados a trav\u00e9s de distintas visitas a Tierra Blanca Copala.<\/p>\n\n\n\n<p>\u201cSin embargo, hoy (ayer) se cumplen los 60 d\u00edas y el Gobierno del Estado ha mostrado una actitud de falta de seriedad, olvid\u00e1ndose de los desplazados; no han informado de los avances que han tenido en el proceso y mucho menos se ha concretado el retorno.&nbsp;<\/p>\n\n\n\n<p>\u201cEl gobierno estatal ha jugado con la esperanza y el sufrimiento de las v\u00edctimas, eternizando su condici\u00f3n de desplazamiento forzado y sin cumplir sus compromisos\u201d, detall\u00f3 el MULTI en un comunicado de prensa.<\/p>\n\n\n\n<p>Demand\u00f3 a los gobiernos federal y estatal a \u201cdejar a un lado la simulaci\u00f3n\u00bb con la que han tratado el tema, cumplir su palabra empe\u00f1ada y convocar inmediatamente a una mesa de trabajo para hacerle justicia a los desplazados con un retorno seguro a Tierra Blanca Copala.<\/p>\n\n\n\n<p>\u201cNos reservamos nuestro derecho a la manifestaci\u00f3n en caso de que esta situaci\u00f3n de abandono y falta de seriedad gubernamental prevalezcan\u201d, amag\u00f3 la organizaci\u00f3n social.<\/p>\n\n\n\n<p>Fue en diciembre de 2022 en que las familias fueron desplazadas de Tierra Blanca Copala, debido a conflictos entre organizaciones sociales y entre comunidades, que ha derivado adem\u00e1s en asesinatos y ataques armados.<\/p>\n\n\n\n<figure class=\"wp-block-embed is-type-rich is-provider-twitter wp-block-embed-twitter\"><div class=\"wp-block-embed__wrapper\">\n<div class=\"twitter-tweet\"><blockquote class=\"twitter-tweet\" data-lang=\"es\"><p lang=\"es\" dir=\"ltr\"><a href=\"https:\/\/twitter.com\/hashtag\/COMUNICADO?src=hash&amp;ref_src=twsrc%5Etfw\">#COMUNICADO<\/a> <a href=\"https:\/\/twitter.com\/hashtag\/URGENTE?src=hash&amp;ref_src=twsrc%5Etfw\">#URGENTE<\/a>.<a href=\"https:\/\/twitter.com\/hashtag\/Hoy?src=hash&amp;ref_src=twsrc%5Etfw\">#Hoy<\/a>, se cumplen los 60 d\u00edas fijados por el gobierno del estado (<a href=\"https:\/\/twitter.com\/salomonj?ref_src=twsrc%5Etfw\">@salomonj<\/a> y <a href=\"https:\/\/twitter.com\/jesusromerooax?ref_src=twsrc%5Etfw\">@jesusromerooax<\/a>)  para retornar a las 143 familias desplazadas de <a href=\"https:\/\/twitter.com\/hashtag\/Tierrablanca?src=hash&amp;ref_src=twsrc%5Etfw\">#Tierrablanca<\/a> <a href=\"https:\/\/twitter.com\/hashtag\/Copala?src=hash&amp;ref_src=twsrc%5Etfw\">#Copala<\/a>. <a href=\"https:\/\/twitter.com\/hashtag\/DesplazamientoForzado?src=hash&amp;ref_src=twsrc%5Etfw\">#DesplazamientoForzado<\/a> <a href=\"https:\/\/twitter.com\/hashtag\/Tierrablanca?src=hash&amp;ref_src=twsrc%5Etfw\">#Tierrablanca<\/a> <a href=\"https:\/\/twitter.com\/hashtag\/Copala?src=hash&amp;ref_src=twsrc%5Etfw\">#Copala<\/a> <a href=\"https:\/\/twitter.com\/hashtag\/triquis?src=hash&amp;ref_src=twsrc%5Etfw\">#triquis<\/a> <a href=\"https:\/\/twitter.com\/hashtag\/triqui?src=hash&amp;ref_src=twsrc%5Etfw\">#triqui<\/a> <a href=\"https:\/\/twitter.com\/hashtag\/retorno?src=hash&amp;ref_src=twsrc%5Etfw\">#retorno<\/a> <a href=\"https:\/\/t.co\/BlHfPLPqOe\">pic.twitter.com\/BlHfPLPqOe<\/a><\/p>&mdash; MULTI (@MULTI_Oficial1) <a href=\"https:\/\/twitter.com\/MULTI_Oficial1\/status\/1686169656674119680?ref_src=twsrc%5Etfw\">1 de agosto de 2023<\/a><\/blockquote><\/div>\n<\/div><\/figure>\n","protected":false},"excerpt":{"rendered":"<p>Ismael Garc\u00eda M.\/Zona Roja. Oaxaca de Ju\u00e1rez, Oax., a 1 de agosto de 2023.- Ayer&hellip;<\/p>\n","protected":false},"author":2,"featured_media":30297,"comment_status":"closed","ping_status":"open","sticky":false,"template":"","format":"standard","meta":{"_lmt_disableupdate":"","_lmt_disable":"","_jetpack_memberships_contains_paid_content":false,"footnotes":""},"categories":[109,47],"tags":[1712],"class_list":["post-58243","post","type-post","status-publish","format-standard","has-post-thumbnail","hentry","category-minuto-a-minuto","category-zona-gris","tag-tierra-blanca-copala"],"jetpack_featured_media_url":"https:\/\/zonaroja.com.mx\/wp-content\/uploads\/2021\/07\/Tierra-Blanca-Copala.jpg","jetpack_sharing_enabled":true,"_links":{"self":[{"href":"https:\/\/zonaroja.com.mx\/index.php?rest_route=\/wp\/v2\/posts\/58243","targetHints":{"allow":["GET"]}}],"collection":[{"href":"https:\/\/zonaroja.com.mx\/index.php?rest_route=\/wp\/v2\/posts"}],"about":[{"href":"https:\/\/zonaroja.com.mx\/index.php?rest_route=\/wp\/v2\/types\/post"}],"author":[{"embeddable":true,"href":"https:\/\/zonaroja.com.mx\/index.php?rest_route=\/wp\/v2\/users\/2"}],"replies":[{"embeddable":true,"href":"https:\/\/zonaroja.com.mx\/index.php?rest_route=%2Fwp%2Fv2%2Fcomments&post=58243"}],"version-history":[{"count":1,"href":"https:\/\/zonaroja.com.mx\/index.php?rest_route=\/wp\/v2\/posts\/58243\/revisions"}],"predecessor-version":[{"id":58244,"href":"https:\/\/zonaroja.com.mx\/index.php?rest_route=\/wp\/v2\/posts\/58243\/revisions\/58244"}],"wp:featuredmedia":[{"embeddable":true,"href":"https:\/\/zonaroja.com.mx\/index.php?rest_route=\/wp\/v2\/media\/30297"}],"wp:attachment":[{"href":"https:\/\/zonaroja.com.mx\/index.php?rest_route=%2Fwp%2Fv2%2Fmedia&parent=58243"}],"wp:term":[{"taxonomy":"category","embeddable":true,"href":"https:\/\/zonaroja.com.mx\/index.php?rest_route=%2Fwp%2Fv2%2Fcategories&post=58243"},{"taxonomy":"post_tag","embeddable":true,"href":"https:\/\/zonaroja.com.mx\/index.php?rest_route=%2Fwp%2Fv2%2Ftags&post=58243"}],"curies":[{"name":"wp","href":"https:\/\/api.w.org\/{rel}","templated":true}]}}