{"id":58245,"date":"2023-08-01T12:30:00","date_gmt":"2023-08-01T17:30:00","guid":{"rendered":"http:\/\/www.zonaroja.com.mx\/?p=58245"},"modified":"2023-08-01T07:58:01","modified_gmt":"2023-08-01T12:58:01","slug":"con-obras-y-acciones-edil-busca-convertir-a-xoxocotlan-en-una-ciudad","status":"publish","type":"post","link":"https:\/\/zonaroja.com.mx\/?p=58245","title":{"rendered":"Con obras y acciones, edil busca convertir a Xoxocotl\u00e1n en una ciudad"},"content":{"rendered":"\n<p>Redacci\u00f3n\/Zona Roja.<\/p>\n\n\n\n<p>Oaxaca de Ju\u00e1rez, Oax., a 1 de agosto de 2023.- Tras advertir que no cesar\u00e1 en su empe\u00f1o de que el Congreso del Estado apruebe la solicitud para elevar la categor\u00eda administrativa de Santa Cruz Xoxocotl\u00e1n a rango de ciudad, el edil Inocente Castellanos Alejos, ratific\u00f3 su inter\u00e9s en ello, al iniciar y entregar obras en seis asentamientos de esta demarcaci\u00f3n con lo que se beneficia a alrededor de unos dos mil habitantes.<\/p>\n\n\n\n<p>En su visita por los asentamientos Barrio Santa Elena, Colonias Fresnos, Ex Hacienda Candiani, Mi Ranchito y Jardines de la Ci\u00e9nega, el mun\u00edcipe inform\u00f3 acerca de la solicitud emitida por el Cabildo al Poder Legislativo para que Xoxocotl\u00e1n sea considerada ya una ciudad, la segunda de la zona metropolitana, dado su crecimiento y las condiciones que guarda para ese fin.<\/p>\n\n\n\n<p>Por ello, refiri\u00f3 el inter\u00e9s de su gobierno para continuar con las acciones que mejoren las condiciones de vida de los habitantes de este territorio, entre ellas la ejecuci\u00f3n de obras que contribuyan a la urbanizaci\u00f3n de las agencias, barrios y colonias donde habitan los m\u00e1s de 100 mil habitantes que alberga Xoxocotl\u00e1n.<\/p>\n\n\n\n<p>\u201cEstamos decididos a que Xoxo sea reconocido por su grandeza territorial, por la importancia que ha cobrado como zona de asentamiento para cientos de familias, por su cercan\u00eda con la capital y muchos otros valores que hoy tiene, por ello estamos trabajando fuertemente en la ejecuci\u00f3n de obras, las cuales, a un a\u00f1o de iniciar nuestro gobierno alcanzan una cifra importante\u201d, expres\u00f3.<\/p>\n\n\n\n<p>PRESIDENTE DE OBRAS<\/p>\n\n\n\n<p>Entre las acciones que inaugur\u00f3 en la semana se encuentran la construcci\u00f3n de alumbrado p\u00fablico en la calle Las Flores del Barrio Santa Elena; la construcci\u00f3n de pavimento a base de adoqu\u00edn en la calle Framboyanes; construcci\u00f3n de pavimento a base de adoqu\u00edn en la privada Ni\u00f1os H\u00e9roes de la Ex Hacienda Candiani; as\u00ed como la rehabilitaci\u00f3n de la red de agua entubada en las calles de Alcatraz y Carolinas en la colonia Jardines de la Ci\u00e9nega.<\/p>\n\n\n\n<p>Acompa\u00f1ado de integrantes de su Cabildo, el doctor \u201cChente\u201d Castellanos tambi\u00e9n arranc\u00f3 las obras de construcci\u00f3n de pavimento a base de concreto hidr\u00e1ulico en la calle Cedros de la colonia Fresnos y la construcci\u00f3n de la segunda etapa del c\u00e1rcamo de aguas residuales en la colonia Mi Ranchito.<\/p>\n\n\n\n<p>Ah\u00ed los representantes vecinales reconocieron la disposici\u00f3n del mun\u00edcipe para atender a la poblaci\u00f3n y combatir el rezago en el que se encuentra Xoxocotl\u00e1n provocado por m\u00e1s de una d\u00e9cada de malos gobiernos.<\/p>\n\n\n\n<p>En esos asentamientos, Inocente Castellanos recibi\u00f3 el t\u00edtulo de \u201cPresidente de las Obras\u201d, el cual, de acuerdo al representante del Barrio Santa Elena, Rafael V\u00e1squez, el primer concejal se gan\u00f3 a pulso por su trabajo a favor de la comunidad.<\/p>\n\n\n\n<p>\u201cAqu\u00ed estamos con usted para trabajar mano a mano como hace mucho no se hace en Xoxo, no nos queda duda que es usted el presidente de las obras porque nos consta aqu\u00ed, que esperamos m\u00e1s de 20 a\u00f1os por el alumbrado p\u00fablico y ahora ya lo tenemos\u201d, puntualiz\u00f3 V\u00e1squez.<\/p>\n","protected":false},"excerpt":{"rendered":"<p>Redacci\u00f3n\/Zona Roja. Oaxaca de Ju\u00e1rez, Oax., a 1 de agosto de 2023.- Tras advertir que&hellip;<\/p>\n","protected":false},"author":2,"featured_media":58246,"comment_status":"closed","ping_status":"open","sticky":false,"template":"","format":"standard","meta":{"_lmt_disableupdate":"","_lmt_disable":"","_jetpack_memberships_contains_paid_content":false,"footnotes":""},"categories":[109,46],"tags":[133],"class_list":["post-58245","post","type-post","status-publish","format-standard","has-post-thumbnail","hentry","category-minuto-a-minuto","category-zona-blanca","tag-santa-cruz-xoxocotlan"],"jetpack_featured_media_url":"https:\/\/zonaroja.com.mx\/wp-content\/uploads\/2023\/08\/Xoxocotlan-Inocente-Castellanos.jpg","jetpack_sharing_enabled":true,"_links":{"self":[{"href":"https:\/\/zonaroja.com.mx\/index.php?rest_route=\/wp\/v2\/posts\/58245","targetHints":{"allow":["GET"]}}],"collection":[{"href":"https:\/\/zonaroja.com.mx\/index.php?rest_route=\/wp\/v2\/posts"}],"about":[{"href":"https:\/\/zonaroja.com.mx\/index.php?rest_route=\/wp\/v2\/types\/post"}],"author":[{"embeddable":true,"href":"https:\/\/zonaroja.com.mx\/index.php?rest_route=\/wp\/v2\/users\/2"}],"replies":[{"embeddable":true,"href":"https:\/\/zonaroja.com.mx\/index.php?rest_route=%2Fwp%2Fv2%2Fcomments&post=58245"}],"version-history":[{"count":1,"href":"https:\/\/zonaroja.com.mx\/index.php?rest_route=\/wp\/v2\/posts\/58245\/revisions"}],"predecessor-version":[{"id":58247,"href":"https:\/\/zonaroja.com.mx\/index.php?rest_route=\/wp\/v2\/posts\/58245\/revisions\/58247"}],"wp:featuredmedia":[{"embeddable":true,"href":"https:\/\/zonaroja.com.mx\/index.php?rest_route=\/wp\/v2\/media\/58246"}],"wp:attachment":[{"href":"https:\/\/zonaroja.com.mx\/index.php?rest_route=%2Fwp%2Fv2%2Fmedia&parent=58245"}],"wp:term":[{"taxonomy":"category","embeddable":true,"href":"https:\/\/zonaroja.com.mx\/index.php?rest_route=%2Fwp%2Fv2%2Fcategories&post=58245"},{"taxonomy":"post_tag","embeddable":true,"href":"https:\/\/zonaroja.com.mx\/index.php?rest_route=%2Fwp%2Fv2%2Ftags&post=58245"}],"curies":[{"name":"wp","href":"https:\/\/api.w.org\/{rel}","templated":true}]}}