{"id":5825,"date":"2019-11-17T14:26:32","date_gmt":"2019-11-17T20:26:32","guid":{"rendered":"http:\/\/www.zonaroja.com.mx\/?p=5825"},"modified":"2019-11-17T14:26:35","modified_gmt":"2019-11-17T20:26:35","slug":"bid-mexico-es-el-unico-pais-de-america-latina-con-exportaciones-al-alza","status":"publish","type":"post","link":"https:\/\/zonaroja.com.mx\/?p=5825","title":{"rendered":"BID: M\u00e9xico es el \u00fanico pa\u00eds de Am\u00e9rica Latina con exportaciones al alza"},"content":{"rendered":"\n<p>Redacci\u00f3n\/Zona Roja Cdmx.<\/p>\n\n\n\n<p>Ciudad de M\u00e9xico, 17 de noviembre de\n2019.- En el contexto de una contracci\u00f3n de las exportaciones en Am\u00e9rica Latina\ndurante el primer semestre del a\u00f1o, el \u00fanico pa\u00eds que en realidad est\u00e1\nsosteniendo el desempe\u00f1o regional es M\u00e9xico. <\/p>\n\n\n\n<p>S\u00f3lo esta naci\u00f3n tiene una tasa de\ncrecimiento positiva, asegur\u00f3 Paolo Giordano, economista de Integraci\u00f3n y\nComercio del Banco Interamericano de Desarrollo (BID). <\/p>\n\n\n\n<p>Seg\u00fan public\u00f3 el diario \u201cLa Jornada\u201d, el\nimpulso est\u00e1 dado por el conflicto comercial entre Estados Unidos y China, con\nun valor de 8 mil millones de d\u00f3lares.<\/p>\n\n\n\n<p>Durante la presentaci\u00f3n del estudio \u201cMonitor\nde comercio e integraci\u00f3n 2019\u201d, publicado por el organismo, recalc\u00f3 que en\n2018 se desaceler\u00f3 a 8.8 por ciento promedio el rubro de las exportaciones en\nAm\u00e9rica Latina y en el primer semestre de este a\u00f1o lleva una contracci\u00f3n anual\nde 1.3, con \u00e9nfasis en Sudam\u00e9rica. Es contrario el caso de M\u00e9xico, donde se\nexpandieron 4.5.<\/p>\n\n\n\n<p>En t\u00e9rminos reales las ventas externas\nde la regi\u00f3n se desaceleraron menos que en el resto del mundo, aunque el\nresultado se debi\u00f3 principalmente al desempe\u00f1o de M\u00e9xico, subraya el estudio. <\/p>\n\n\n\n<p>De acuerdo con \u201cLa Jornada\u201d, estimaciones\npara Centroam\u00e9rica, Brasil y el resto de Sudam\u00e9rica plantean que los vol\u00famenes\nde ventas al exterior se estancaron 0.4, 0.2 y 0.6 por ciento, respectivamente.<\/p>\n\n\n\n<p>Detalla que el conflicto comercial\nentre Washington y Pek\u00edn gener\u00f3 un desv\u00edo de comercio por 8 mil millones de\nd\u00f3lares favorable a M\u00e9xico, pero la ampliaci\u00f3n de mercado se qued\u00f3 apenas en\nveh\u00edculos y en algunos aparatos electrodom\u00e9sticos. Los efectos fueron limitados\ny no contribuyeron significativamente en la variaci\u00f3n de las exportaciones de\nla regi\u00f3n, apunta.<\/p>\n\n\n\n<p>Mientras el valor de los productos\nimportados por Estados Unidos afectados se redujo 3.2 mil millones de d\u00f3lares,\nlas importaciones de bienes originados en China disminuyeron 31.7 mil millones.\nEl de los creados en el resto del mundo aument\u00f3 28.5 mil millones.<\/p>\n\n\n\n<p>Subraya que la debilidad de las\nimportaciones en Am\u00e9rica Latina tiene su causa en la actividad dom\u00e9stica. En el\ncaso de M\u00e9xico hay, adem\u00e1s, indicios de un efecto secundario de la merma en la\ndemanda de sus exportaciones, que estar\u00eda afectando a las importaciones de\nbienes de capital e insumos para la producci\u00f3n.<\/p>\n\n\n\n<p>En el comercio mundial y en el regional\nno se vislumbra una regresi\u00f3n de la tendencia, al menos a corto plazo. No viene\nde un relanzamiento de la demanda real, expres\u00f3 Giordano. A\u00f1adi\u00f3 que a ello se\nsuma un comercio deprimido en la oferta de servicios frente al de bienes, sobre\nlo que hay poca investigaci\u00f3n.<\/p>\n\n\n\n<p>El frente que remarca la afectaci\u00f3n al\ncomercio en Am\u00e9rica Latina es el entorno de los principales socios comerciales,\nen particular China, pero a ella se suman Estados Unidos y la Uni\u00f3n Europea,\nque han reducido su actividad mercantil de la mano de una desaceleraci\u00f3n de la\neconom\u00eda.<\/p>\n\n\n\n<p>Hasta que no haya mayor crecimiento no\nhabr\u00e1 repunte en el comercio, agrega el investigador.<\/p>\n","protected":false},"excerpt":{"rendered":"<p>Redacci\u00f3n\/Zona Roja Cdmx. Ciudad de M\u00e9xico, 17 de noviembre de 2019.- En el contexto de&hellip;<\/p>\n","protected":false},"author":2,"featured_media":5826,"comment_status":"closed","ping_status":"open","sticky":false,"template":"","format":"standard","meta":{"_lmt_disableupdate":"","_lmt_disable":"","_jetpack_memberships_contains_paid_content":false,"footnotes":""},"categories":[109,46],"tags":[1021],"class_list":["post-5825","post","type-post","status-publish","format-standard","has-post-thumbnail","hentry","category-minuto-a-minuto","category-zona-blanca","tag-exportaciones-mexico"],"jetpack_featured_media_url":"https:\/\/zonaroja.com.mx\/wp-content\/uploads\/2019\/11\/Exportaciones-M\u00e9xico-2.jpg","jetpack_sharing_enabled":true,"_links":{"self":[{"href":"https:\/\/zonaroja.com.mx\/index.php?rest_route=\/wp\/v2\/posts\/5825","targetHints":{"allow":["GET"]}}],"collection":[{"href":"https:\/\/zonaroja.com.mx\/index.php?rest_route=\/wp\/v2\/posts"}],"about":[{"href":"https:\/\/zonaroja.com.mx\/index.php?rest_route=\/wp\/v2\/types\/post"}],"author":[{"embeddable":true,"href":"https:\/\/zonaroja.com.mx\/index.php?rest_route=\/wp\/v2\/users\/2"}],"replies":[{"embeddable":true,"href":"https:\/\/zonaroja.com.mx\/index.php?rest_route=%2Fwp%2Fv2%2Fcomments&post=5825"}],"version-history":[{"count":1,"href":"https:\/\/zonaroja.com.mx\/index.php?rest_route=\/wp\/v2\/posts\/5825\/revisions"}],"predecessor-version":[{"id":5827,"href":"https:\/\/zonaroja.com.mx\/index.php?rest_route=\/wp\/v2\/posts\/5825\/revisions\/5827"}],"wp:featuredmedia":[{"embeddable":true,"href":"https:\/\/zonaroja.com.mx\/index.php?rest_route=\/wp\/v2\/media\/5826"}],"wp:attachment":[{"href":"https:\/\/zonaroja.com.mx\/index.php?rest_route=%2Fwp%2Fv2%2Fmedia&parent=5825"}],"wp:term":[{"taxonomy":"category","embeddable":true,"href":"https:\/\/zonaroja.com.mx\/index.php?rest_route=%2Fwp%2Fv2%2Fcategories&post=5825"},{"taxonomy":"post_tag","embeddable":true,"href":"https:\/\/zonaroja.com.mx\/index.php?rest_route=%2Fwp%2Fv2%2Ftags&post=5825"}],"curies":[{"name":"wp","href":"https:\/\/api.w.org\/{rel}","templated":true}]}}