{"id":58253,"date":"2023-08-01T10:28:00","date_gmt":"2023-08-01T15:28:00","guid":{"rendered":"http:\/\/www.zonaroja.com.mx\/?p=58253"},"modified":"2023-08-01T08:30:29","modified_gmt":"2023-08-01T13:30:29","slug":"inician-fiestas-en-san-lorenzo-cacaotepec-y-preparan-feria-artesanal","status":"publish","type":"post","link":"https:\/\/zonaroja.com.mx\/?p=58253","title":{"rendered":"Inician fiestas en San Lorenzo Cacaotepec y preparan feria artesanal"},"content":{"rendered":"\n<p>Redacci\u00f3n\/Zona Roja.<\/p>\n\n\n\n<p>Oaxaca de Ju\u00e1rez, Oax., a 1 de agosto de 2023.- En el marco de las festividades religiosas anuales, San Lorenzo Cacaotepec anunci\u00f3 una feria gastron\u00f3mica, artesanal y de emprendedores, para lo cual emiti\u00f3 la convocatoria a los interesados.<\/p>\n\n\n\n<p>El ayuntamiento que encabeza la alcaldesa Iris Zavaleta L\u00f3pez, a trav\u00e9s de la Regidur\u00eda de Educaci\u00f3n, Cultura y Deportes, convoc\u00f3 a la poblaci\u00f3n en general a participar en esta actividad, que se efectuar\u00e1 los d\u00edas 12 y 14 de agosto, de 09:00 a 17:00 horas en la explanada municipal.<\/p>\n\n\n\n<p>Pueden participar \u00fanicamente con platillos, artesan\u00edas o productos originarios, representativos o con un arraigo en la comunidad.<\/p>\n\n\n\n<p>Adem\u00e1s, los interesados deber\u00e1n buscar alternativas para ofrecer sus productos en materiales no contaminantes (no unicel ni desechables).<\/p>\n\n\n\n<p>El d\u00eda de la muestra gastron\u00f3mica y artesanal deber\u00e1n portar indumentaria tradicional de San Lorenzo Cacaotepec.<\/p>\n\n\n\n<p>Cada participante deber\u00e1 mantener sus espacios limpios y con las medidas sanitarias correspondientes.<\/p>\n\n\n\n<p>Los materiales e insumos para la elaboraci\u00f3n de los productos ser\u00e1n solventados por las y los interesados.<\/p>\n\n\n\n<p>Las inscripciones est\u00e1n abiertas hasta el 4 de agosto y al d\u00eda siguiente habr\u00e1 una reuni\u00f3n informativa para acordar las actividades.<\/p>\n\n\n\n<p>INICIA FIESTA<\/p>\n\n\n\n<p>En tanto, con un tradicional convite esta tarde, en este municipio de la regi\u00f3n Valles Centrales de Oaxaca inicia la fiesta patronal en honor a San Lorenzo M\u00e1rtir.<\/p>\n\n\n\n<p>A partir de las 16:00 horas arrancar\u00e1 la tradicional parada en la explanada municipal y recorrer\u00e1 las principales calles de la poblaci\u00f3n.<\/p>\n\n\n\n<p>Las madrinas y padrinos llenar\u00e1n de colorido las calles con sus arreglos florales, botar\u00e1n dulces y se les ofrecer\u00e1 un mezcal, curado o tepache a espectadores y asistentes.<\/p>\n","protected":false},"excerpt":{"rendered":"<p>Redacci\u00f3n\/Zona Roja. Oaxaca de Ju\u00e1rez, Oax., a 1 de agosto de 2023.- En el marco&hellip;<\/p>\n","protected":false},"author":2,"featured_media":53547,"comment_status":"closed","ping_status":"open","sticky":false,"template":"","format":"standard","meta":{"_lmt_disableupdate":"","_lmt_disable":"","_jetpack_memberships_contains_paid_content":false,"footnotes":""},"categories":[109,46],"tags":[846],"class_list":["post-58253","post","type-post","status-publish","format-standard","has-post-thumbnail","hentry","category-minuto-a-minuto","category-zona-blanca","tag-san-lorenzo-cacaotepec"],"jetpack_featured_media_url":"https:\/\/zonaroja.com.mx\/wp-content\/uploads\/2023\/04\/San-Lorenzo-Cacaotepec-2.jpeg","jetpack_sharing_enabled":true,"_links":{"self":[{"href":"https:\/\/zonaroja.com.mx\/index.php?rest_route=\/wp\/v2\/posts\/58253","targetHints":{"allow":["GET"]}}],"collection":[{"href":"https:\/\/zonaroja.com.mx\/index.php?rest_route=\/wp\/v2\/posts"}],"about":[{"href":"https:\/\/zonaroja.com.mx\/index.php?rest_route=\/wp\/v2\/types\/post"}],"author":[{"embeddable":true,"href":"https:\/\/zonaroja.com.mx\/index.php?rest_route=\/wp\/v2\/users\/2"}],"replies":[{"embeddable":true,"href":"https:\/\/zonaroja.com.mx\/index.php?rest_route=%2Fwp%2Fv2%2Fcomments&post=58253"}],"version-history":[{"count":1,"href":"https:\/\/zonaroja.com.mx\/index.php?rest_route=\/wp\/v2\/posts\/58253\/revisions"}],"predecessor-version":[{"id":58254,"href":"https:\/\/zonaroja.com.mx\/index.php?rest_route=\/wp\/v2\/posts\/58253\/revisions\/58254"}],"wp:featuredmedia":[{"embeddable":true,"href":"https:\/\/zonaroja.com.mx\/index.php?rest_route=\/wp\/v2\/media\/53547"}],"wp:attachment":[{"href":"https:\/\/zonaroja.com.mx\/index.php?rest_route=%2Fwp%2Fv2%2Fmedia&parent=58253"}],"wp:term":[{"taxonomy":"category","embeddable":true,"href":"https:\/\/zonaroja.com.mx\/index.php?rest_route=%2Fwp%2Fv2%2Fcategories&post=58253"},{"taxonomy":"post_tag","embeddable":true,"href":"https:\/\/zonaroja.com.mx\/index.php?rest_route=%2Fwp%2Fv2%2Ftags&post=58253"}],"curies":[{"name":"wp","href":"https:\/\/api.w.org\/{rel}","templated":true}]}}