{"id":58270,"date":"2023-08-01T21:47:41","date_gmt":"2023-08-02T02:47:41","guid":{"rendered":"http:\/\/www.zonaroja.com.mx\/?p=58270"},"modified":"2023-08-01T21:48:39","modified_gmt":"2023-08-02T02:48:39","slug":"santa-lucia-del-camino-es-ejemplo-en-materia-de-seguridad-coinciden-autoridades","status":"publish","type":"post","link":"https:\/\/zonaroja.com.mx\/?p=58270","title":{"rendered":"Santa Luc\u00eda del Camino es ejemplo en materia de seguridad, coinciden autoridades"},"content":{"rendered":"\n<p>Redacci\u00f3n\/Zona Roja.<\/p>\n\n\n\n<p>Oaxaca de Ju\u00e1rez, Oax., a 1 de agosto de 2023.- En la presentaci\u00f3n del Grupo de Reacci\u00f3n Inmediata Motorizada (GRIM) del ayuntamiento de Santa Luc\u00eda del Camino, autoridades estatales coincidieron en se\u00f1alar que este municipio es ejemplo en materia de seguridad.<\/p>\n\n\n\n<p>El acto se efectu\u00f3 la ma\u00f1ana de este martes en la explanada municipal, que encabez\u00f3 el edil Juan Carlos Garc\u00eda M\u00e1rquez, con la presencia del fiscal General del Estado, Bernardo Rodr\u00edguez Alamilla; el secretario de Seguridad, Iv\u00e1n Garc\u00eda \u00c1lvarez, y la titular del Secretariado Ejecutivo del Sistema Estatal de Seguridad P\u00fablica, Karina Bar\u00f3n.<\/p>\n\n\n\n<p>El GRIM est\u00e1 conformado por 10 motopatrullas, entregadas hoy, y por personal debidamente capacitado, que recorrer\u00e1 el municipio y sus agencias, para brindar atenci\u00f3n \u00e1gil a cualquier petici\u00f3n ciudadana; se entreg\u00f3 adem\u00e1s uniformes y equipos a los elementos policiacos, mientras el Secretariado Ejecutivo entreg\u00f3 una patrulla al municipio.<\/p>\n\n\n\n<p>\u201cAl inicio nos comprometimos a cambiar el rostro de Santa Luc\u00eda y una de las principales demandas que recibimos fue el tema de la seguridad; el municipio se hab\u00eda convertido en el patio trasero de la capital\u201d, dijo el edil Garc\u00eda M\u00e1rquez.<\/p>\n\n\n\n<p>Detall\u00f3 las m\u00faltiples acciones que se han efectuado, como la creaci\u00f3n del Centro de Control C-2; el incremento al salario de polic\u00edas; la colocaci\u00f3n de m\u00f3dulos itinerantes; la colocaci\u00f3n de tres arcos de seguridad, entre otros.<\/p>\n\n\n\n<p>\u201cEs una estrategia de seguridad que incluye un proyecto social, tecnol\u00f3gico, pasando por la depuraci\u00f3n de elementos que no cumpl\u00edan con los reglamentos\u201d, manifest\u00f3.<\/p>\n\n\n\n<p>De acuerdo con el director de la polic\u00eda municipal, Marcos Freddy Hern\u00e1ndez, inform\u00f3 que por seis meses fueron capacitados los integrantes del GRIM, adem\u00e1s de destacar los m\u00faltiples apoyos que se ha dado a los uniformados tanto en herramientas de trabajo como de mejoras salariales y de prestaciones.<\/p>\n\n\n\n<p>El fiscal General del Estado, Rodr\u00edguez Alamilla, destac\u00f3 a Santa Luc\u00eda como uno de los municipios m\u00e1s seguros de la entidad oaxaque\u00f1a.<\/p>\n\n\n\n<p>\u201cMe parece que de manera muy particular, Santa Luc\u00eda del Camino se ha convertido en un referente en materia de seguridad; lo que hasta hace unos a\u00f1os era un proceso contrario, ahora se ha logrado revertir; hay que reconocer el trabajo, el esfuerzo, el compromiso y la voluntad que tanto el presidente como su Cabildo le ha apostado en materia de seguridad\u201d, dijo en su mensaje.<\/p>\n\n\n\n<p>La titular del Secretariado Ejecutivo, Karina Bar\u00f3n, mencion\u00f3 las estrategias de seguridad que implementa el Presidente Andr\u00e9s Manuel L\u00f3pez Obrador para disminuir los delitos en el pa\u00eds, al tiempo de felicitar a la autoridad municipal por sus esfuerzos en materia de seguridad.<\/p>\n\n\n\n<figure class=\"wp-block-embed\"><div class=\"wp-block-embed__wrapper\">\n<div class=\"twitter-tweet\"><blockquote class=\"twitter-tweet\" data-lang=\"es\"><p lang=\"es\" dir=\"ltr\">As\u00ed fue el banderazo de salida de las motopatrullas del Grupo de Reacci\u00f3n Inmediata Motorizada (GRIM), que esta ma\u00f1ana puso en marcha el ayuntamiento de <a href=\"https:\/\/twitter.com\/SantaLucia_Ayto?ref_src=twsrc%5Etfw\">@SantaLucia_Ayto<\/a>, con la presencia de titulares de diversas dependencias estatales. <a href=\"https:\/\/t.co\/Th3VUrT1Rf\">pic.twitter.com\/Th3VUrT1Rf<\/a><\/p>&mdash; Zona Roja Oaxaca (@ZonaRoja_Oaxaca) <a href=\"https:\/\/twitter.com\/ZonaRoja_Oaxaca\/status\/1686417784702738432?ref_src=twsrc%5Etfw\">1 de agosto de 2023<\/a><\/blockquote><\/div>\n<\/div><\/figure>\n","protected":false},"excerpt":{"rendered":"<p>Redacci\u00f3n\/Zona Roja. Oaxaca de Ju\u00e1rez, Oax., a 1 de agosto de 2023.- En la presentaci\u00f3n&hellip;<\/p>\n","protected":false},"author":2,"featured_media":58264,"comment_status":"closed","ping_status":"open","sticky":false,"template":"","format":"standard","meta":{"_lmt_disableupdate":"","_lmt_disable":"","_jetpack_memberships_contains_paid_content":false,"footnotes":""},"categories":[109,46],"tags":[],"class_list":["post-58270","post","type-post","status-publish","format-standard","has-post-thumbnail","hentry","category-minuto-a-minuto","category-zona-blanca"],"jetpack_featured_media_url":"https:\/\/zonaroja.com.mx\/wp-content\/uploads\/2023\/08\/Santa-Lucia-del-Camino-GRIM-seguridad.jpg","jetpack_sharing_enabled":true,"_links":{"self":[{"href":"https:\/\/zonaroja.com.mx\/index.php?rest_route=\/wp\/v2\/posts\/58270","targetHints":{"allow":["GET"]}}],"collection":[{"href":"https:\/\/zonaroja.com.mx\/index.php?rest_route=\/wp\/v2\/posts"}],"about":[{"href":"https:\/\/zonaroja.com.mx\/index.php?rest_route=\/wp\/v2\/types\/post"}],"author":[{"embeddable":true,"href":"https:\/\/zonaroja.com.mx\/index.php?rest_route=\/wp\/v2\/users\/2"}],"replies":[{"embeddable":true,"href":"https:\/\/zonaroja.com.mx\/index.php?rest_route=%2Fwp%2Fv2%2Fcomments&post=58270"}],"version-history":[{"count":1,"href":"https:\/\/zonaroja.com.mx\/index.php?rest_route=\/wp\/v2\/posts\/58270\/revisions"}],"predecessor-version":[{"id":58271,"href":"https:\/\/zonaroja.com.mx\/index.php?rest_route=\/wp\/v2\/posts\/58270\/revisions\/58271"}],"wp:featuredmedia":[{"embeddable":true,"href":"https:\/\/zonaroja.com.mx\/index.php?rest_route=\/wp\/v2\/media\/58264"}],"wp:attachment":[{"href":"https:\/\/zonaroja.com.mx\/index.php?rest_route=%2Fwp%2Fv2%2Fmedia&parent=58270"}],"wp:term":[{"taxonomy":"category","embeddable":true,"href":"https:\/\/zonaroja.com.mx\/index.php?rest_route=%2Fwp%2Fv2%2Fcategories&post=58270"},{"taxonomy":"post_tag","embeddable":true,"href":"https:\/\/zonaroja.com.mx\/index.php?rest_route=%2Fwp%2Fv2%2Ftags&post=58270"}],"curies":[{"name":"wp","href":"https:\/\/api.w.org\/{rel}","templated":true}]}}