{"id":5828,"date":"2019-11-17T17:06:24","date_gmt":"2019-11-17T23:06:24","guid":{"rendered":"http:\/\/www.zonaroja.com.mx\/?p=5828"},"modified":"2019-11-17T17:06:26","modified_gmt":"2019-11-17T23:06:26","slug":"manana-no-hay-clases-en-escuelas-publicas-y-privadas-por-ser-dia-inhabil","status":"publish","type":"post","link":"https:\/\/zonaroja.com.mx\/?p=5828","title":{"rendered":"Ma\u00f1ana no hay clases en escuelas p\u00fablicas y privadas, por ser d\u00eda inh\u00e1bil"},"content":{"rendered":"\n<p>Redacci\u00f3n\/Zona Roja.<\/p>\n\n\n\n<p>Oaxaca de Ju\u00e1rez, Oax., 17 de noviembre\nde 2019.- Debido a que es un d\u00eda inh\u00e1bil, de acuerdo con el calendario escolar\n2019-2019, este lunes 18 de noviembre no habr\u00e1 clases en las escuelas p\u00fablicas y\nprivadas del estado, inform\u00f3 el IEEPO.<\/p>\n\n\n\n<p>Lo anterior, con motivo del CIX\naniversario de la Revoluci\u00f3n Mexicana, el 20 de noviembre, que se recorri\u00f3 dos\nd\u00edas por los fines de semana largos y como parte de las fechas consideradas por\nla autoridad educativa para fortalecer la convivencia familiar, indic\u00f3.<\/p>\n\n\n\n<p>De la misma forma, los trabajadores\ndocentes y de apoyo a la educaci\u00f3n de los planteles escolares y oficinas\nadministrativas suspender\u00e1n actividades, destac\u00f3 el Instituto Estatal de\nEducaci\u00f3n P\u00fablica de Oaxaca (IEEPO).<\/p>\n\n\n\n<p>Exhort\u00f3 a los padres de familia a\nfomentar la convivencia familiar y reflexi\u00f3n c\u00edvica sobre los valores\nciudadanos de libertad, justicia, legalidad, respeto, soberan\u00eda y honestidad,\nas\u00ed como atender las actividades alusivas al d\u00eda feriado, sobre el tema que\ndefinan los docentes.<\/p>\n\n\n\n<p>En el marco del CIX aniversario de la\nRevoluci\u00f3n Mexicana, en los planteles de educaci\u00f3n b\u00e1sica se realizar\u00e1n\nactividades para rememorar esta fecha hist\u00f3rica y recordar a los hombres y\nmujeres que participaron en este que fue uno de los movimientos pol\u00edticos,\necon\u00f3micos y sociales ocurridos en Am\u00e9rica entre 1910 y 1920.<\/p>\n\n\n\n<p>El calendario escolar 2019-2020\nestablecido por la Secretar\u00eda de Educaci\u00f3n P\u00fablica para educaci\u00f3n b\u00e1sica\ndispone de 190 d\u00edas efectivos de clase del 26 de agosto de 2019 y hasta el 6 de\njulio de 2020. Las actividades escolares se reanudar\u00e1n este martes 19 de\nnoviembre.<\/p>\n","protected":false},"excerpt":{"rendered":"<p>Redacci\u00f3n\/Zona Roja. Oaxaca de Ju\u00e1rez, Oax., 17 de noviembre de 2019.- Debido a que es&hellip;<\/p>\n","protected":false},"author":2,"featured_media":5829,"comment_status":"closed","ping_status":"open","sticky":false,"template":"","format":"standard","meta":{"_lmt_disableupdate":"","_lmt_disable":"","_jetpack_memberships_contains_paid_content":false,"footnotes":""},"categories":[109,46],"tags":[599],"class_list":["post-5828","post","type-post","status-publish","format-standard","has-post-thumbnail","hentry","category-minuto-a-minuto","category-zona-blanca","tag-instituto-estatal-de-educacion-publica-de-oaxaca"],"jetpack_featured_media_url":"https:\/\/zonaroja.com.mx\/wp-content\/uploads\/2019\/11\/IEEPO-2-1.jpg","jetpack_sharing_enabled":true,"_links":{"self":[{"href":"https:\/\/zonaroja.com.mx\/index.php?rest_route=\/wp\/v2\/posts\/5828","targetHints":{"allow":["GET"]}}],"collection":[{"href":"https:\/\/zonaroja.com.mx\/index.php?rest_route=\/wp\/v2\/posts"}],"about":[{"href":"https:\/\/zonaroja.com.mx\/index.php?rest_route=\/wp\/v2\/types\/post"}],"author":[{"embeddable":true,"href":"https:\/\/zonaroja.com.mx\/index.php?rest_route=\/wp\/v2\/users\/2"}],"replies":[{"embeddable":true,"href":"https:\/\/zonaroja.com.mx\/index.php?rest_route=%2Fwp%2Fv2%2Fcomments&post=5828"}],"version-history":[{"count":1,"href":"https:\/\/zonaroja.com.mx\/index.php?rest_route=\/wp\/v2\/posts\/5828\/revisions"}],"predecessor-version":[{"id":5830,"href":"https:\/\/zonaroja.com.mx\/index.php?rest_route=\/wp\/v2\/posts\/5828\/revisions\/5830"}],"wp:featuredmedia":[{"embeddable":true,"href":"https:\/\/zonaroja.com.mx\/index.php?rest_route=\/wp\/v2\/media\/5829"}],"wp:attachment":[{"href":"https:\/\/zonaroja.com.mx\/index.php?rest_route=%2Fwp%2Fv2%2Fmedia&parent=5828"}],"wp:term":[{"taxonomy":"category","embeddable":true,"href":"https:\/\/zonaroja.com.mx\/index.php?rest_route=%2Fwp%2Fv2%2Fcategories&post=5828"},{"taxonomy":"post_tag","embeddable":true,"href":"https:\/\/zonaroja.com.mx\/index.php?rest_route=%2Fwp%2Fv2%2Ftags&post=5828"}],"curies":[{"name":"wp","href":"https:\/\/api.w.org\/{rel}","templated":true}]}}