{"id":58286,"date":"2023-08-03T13:30:00","date_gmt":"2023-08-03T18:30:00","guid":{"rendered":"http:\/\/www.zonaroja.com.mx\/?p=58286"},"modified":"2023-08-02T19:57:28","modified_gmt":"2023-08-03T00:57:28","slug":"pintor-triqui-pide-aventon-aereo-para-ir-a-exponer-a-francia","status":"publish","type":"post","link":"https:\/\/zonaroja.com.mx\/?p=58286","title":{"rendered":"\u00a1Pintor Triqui pide avent\u00f3n a\u00e9reo para ir a exponer a Francia!"},"content":{"rendered":"\n<p>Yuridiana Sosa\/ Zona Roja.<\/p>\n\n\n\n<p>Oaxaca de Ju\u00e1rez, Oax., a 3 de agosto de 2023.- La cultura Triqui de Oaxaca tiene un lugar especial en plazas, museos y calles de pa\u00edses de Europa, como es el caso de Francia, donde el pintor Joel Merino L\u00f3pez, originario de San Juan Copala, Juxtlahuaca, se ha encargado de exponer y enaltecer a su pueblo.<\/p>\n\n\n\n<p>Desde hace varios a\u00f1os, por invitaci\u00f3n y con sus propios medios, visita Francia para realizar obras-murales en grafiti y otras t\u00e9cnicas con las que plasma principalmente a las mujeres ind\u00edgenas de su comunidad, con sus huipiles rojos; rostros de trabajo, inocencia o alegres; miradas guerreras o cansadas.<\/p>\n\n\n\n<p>Joel Merino se\u00f1ala que son las mujeres triquis las m\u00e1ximas exponentes de su cultura, por lo que la mayor\u00eda de las veces son parte esencial de sus obras.<\/p>\n\n\n\n<p>Recientemente, el pintor oaxaque\u00f1o fue invitado para exponer su arte en la Plaza de los Vosges en Par\u00eds, Francia, uno de los lugares m\u00e1s representativos y antiguos de esa ciudad.<\/p>\n\n\n\n<p>Su trabajo denominado \u201cPueblo\u201d, consta de 40 obras en esta ocasi\u00f3n, en las que muestra parte de las fiestas tradicionales de su comunidad; para sus pinturas emple\u00f3 diversas t\u00e9cnicas que reflejan el talento del artista triqui, el cual le ha valido ser considerado en repetidas ocasiones por difusores culturales internacionales.<\/p>\n\n\n\n<p>En entrevista con el Sistema Radiof\u00f3nico Informativo, el artista reconoci\u00f3 que gran parte de su trabajo y exposiciones se realizan en el extranjero por la apertura de oportunidades que se brindan, lo cual es dif\u00edcil encontrar en nuestro pa\u00eds.<\/p>\n\n\n\n<figure class=\"wp-block-embed is-type-rich is-provider-twitter wp-block-embed-twitter\"><div class=\"wp-block-embed__wrapper\">\n<div class=\"twitter-tweet\"><blockquote class=\"twitter-tweet\" data-lang=\"es\"><p lang=\"es\" dir=\"ltr\">1\/2<br>Presidente <a href=\"https:\/\/twitter.com\/lopezobrador_?ref_src=twsrc%5Etfw\">@lopezobrador_<\/a> <br> <br>CC<a href=\"https:\/\/twitter.com\/makugo?ref_src=twsrc%5Etfw\">@makugo<\/a>  <a href=\"https:\/\/twitter.com\/salomonj?ref_src=twsrc%5Etfw\">@salomonj<\/a> <a href=\"https:\/\/twitter.com\/LuisBNava?ref_src=twsrc%5Etfw\">@LuisBNava<\/a> <a href=\"https:\/\/twitter.com\/SusanaHarp?ref_src=twsrc%5Etfw\">@SusanaHarp<\/a> <a href=\"https:\/\/twitter.com\/alefrausto?ref_src=twsrc%5Etfw\">@alefrausto<\/a> <a href=\"https:\/\/twitter.com\/elpais_cultura?ref_src=twsrc%5Etfw\">@elpais_cultura<\/a> <a href=\"https:\/\/twitter.com\/IndigenousTweet?ref_src=twsrc%5Etfw\">@IndigenousTweet<\/a> <a href=\"https:\/\/twitter.com\/elgatopolitico_?ref_src=twsrc%5Etfw\">@elgatopolitico_<\/a> <a href=\"https:\/\/twitter.com\/MexicoesCultura?ref_src=twsrc%5Etfw\">@MexicoesCultura<\/a><a href=\"https:\/\/twitter.com\/CulturaEnMexico?ref_src=twsrc%5Etfw\">@CulturaEnMexico<\/a> <a href=\"https:\/\/twitter.com\/_ElenaRios?ref_src=twsrc%5Etfw\">@_ElenaRios<\/a> <a href=\"https:\/\/twitter.com\/ElUniversalOax?ref_src=twsrc%5Etfw\">@ElUniversalOax<\/a> <a href=\"https:\/\/twitter.com\/universalqro?ref_src=twsrc%5Etfw\">@universalqro<\/a> <a href=\"https:\/\/twitter.com\/luzvaldezg?ref_src=twsrc%5Etfw\">@luzvaldezg<\/a> <a href=\"https:\/\/twitter.com\/fer?ref_src=twsrc%5Etfw\">@fer<\/a> <a href=\"https:\/\/t.co\/d90k8oycvt\">pic.twitter.com\/d90k8oycvt<\/a><\/p>&mdash; Joel Merino L\u00f3pez (@JoelMerinoArt) <a href=\"https:\/\/twitter.com\/JoelMerinoArt\/status\/1686543398025539584?ref_src=twsrc%5Etfw\">2 de agosto de 2023<\/a><\/blockquote><\/div>\n<\/div><\/figure>\n\n\n\n<p>Sin embargo, detr\u00e1s de diversas exposiciones en otros pa\u00edses se encuentran oaxaque\u00f1os, lo cual es gratificante.<\/p>\n\n\n\n<p>Joel Merino ha logrado conquistar tanto al p\u00fablico en el extranjero, que en Par\u00eds diversos restaurantes le han pedido que plasme su obra en sus cortinas; as\u00ed como ha logrado hacerlo en callejones de esa ciudad y ser conservados.<\/p>\n\n\n\n<p>Su obra no s\u00f3lo ha sido admirada tambi\u00e9n en Europa, tambi\u00e9n ha llegado a Asia y Am\u00e9rica Latina; Espa\u00f1a, Italia Suecia, Alemania, Jap\u00f3n y Uruguay son algunos de los pa\u00edses donde la cultura triqui ha llegado por medio del arte.<\/p>\n\n\n\n<p>Para llegar a sus destinos Joel Merino lo hace en diversas ocasiones con sus propios medios, por lo que el pasado 30 de julio pidi\u00f3 ayuda a la aerol\u00ednea Aerom\u00e9xico.<\/p>\n\n\n\n<p>Por medio de twitter, el joven escribi\u00f3: \u201c@Aeromexico me puedes dar un raid a Europa para seguir compartiendo sobre mi pueblo? Soy un pintor de la comunidad Triqui, originario de San Juan Copala, Oaxaca y me invitaron a pintar nuevamente en ciudades de Europa\u201d.\u00a0<\/p>\n\n\n\n<p>DENUNCIA DA\u00d1OS&nbsp;<\/p>\n\n\n\n<p>Por otra parte, a trav\u00e9s de una carta p\u00fablica, el pintor ind\u00edgena Triqui denunci\u00f3 ante el presidente Andr\u00e9s Manuel L\u00f3pez Obrador da\u00f1os sobre sus obras en la ciudad de Quer\u00e9taro, cometidos por funcionarios, entre ellos del Instituto Nacional de los Pueblos Ind\u00edgenas.<\/p>\n\n\n\n<p>Joel Merino demand\u00f3 la ayuda del presidente de M\u00e9xico para recuperar sus obras, cuadros pintados con grafito, la devoluci\u00f3n de las mismas y la investigaci\u00f3n pertinente para que las autoridades de Quer\u00e9taro se hagan responsables de sus actos, pues de buena voluntad les prest\u00f3 su obra para una exposici\u00f3n en el Centro de Desarrollo Artesanal Ind\u00edgena, mismo que este 2023 dej\u00f3 de existir.<\/p>\n\n\n\n<p>Desde enero de 2020 el artista, quien radica en Quer\u00e9taro por la violencia en la regi\u00f3n triqui de Oaxaca, denunci\u00f3 p\u00fablicamente el deterioro del museo ind\u00edgena de Quer\u00e9taro y de sus obras, mismas que trataron de ser ocultadas por las autoridades locales; en diciembre de ese a\u00f1o realiz\u00f3 la denuncia formal ante la Fiscal\u00eda General de la Rep\u00fablica en Quer\u00e9taro, pues para ese entonces ten\u00eda evidencias del deterioro de su trabajo oculto en bodegas.<\/p>\n\n\n\n<p>Sin embargo, hasta ahora, expuso, ninguna autoridad quiere atender el problema y peor a\u00fan, ante cada denuncia p\u00fablica existen amenazas y acoso por las autoridades queretanas con \u00e9l y su madre, artesana ind\u00edgena triqui.<\/p>\n\n\n\n<p>Sus obras, agreg\u00f3, son parte de una memoria hist\u00f3rica importante para la comunidad triqui que lleg\u00f3 a Quer\u00e9taro huyendo de la violencia en Oaxaca, as\u00ed como gracias a su trabajo ha logrado viajar al extranjero para exponer m\u00e1s sobre sus obras, su cultura y tradiciones, sin contar con ninguno apoyo de gobierno, ni municipal, local o nacional.<\/p>\n","protected":false},"excerpt":{"rendered":"<p>Yuridiana Sosa\/ Zona Roja. Oaxaca de Ju\u00e1rez, Oax., a 3 de agosto de 2023.- La&hellip;<\/p>\n","protected":false},"author":2,"featured_media":58287,"comment_status":"closed","ping_status":"open","sticky":false,"template":"","format":"standard","meta":{"_lmt_disableupdate":"","_lmt_disable":"","_jetpack_memberships_contains_paid_content":false,"footnotes":""},"categories":[109,46],"tags":[3630],"class_list":["post-58286","post","type-post","status-publish","format-standard","has-post-thumbnail","hentry","category-minuto-a-minuto","category-zona-blanca","tag-pintor-joel-merino-lopez"],"jetpack_featured_media_url":"https:\/\/zonaroja.com.mx\/wp-content\/uploads\/2023\/08\/Pintor-triqui-Jose-Merino.jpg","jetpack_sharing_enabled":true,"_links":{"self":[{"href":"https:\/\/zonaroja.com.mx\/index.php?rest_route=\/wp\/v2\/posts\/58286","targetHints":{"allow":["GET"]}}],"collection":[{"href":"https:\/\/zonaroja.com.mx\/index.php?rest_route=\/wp\/v2\/posts"}],"about":[{"href":"https:\/\/zonaroja.com.mx\/index.php?rest_route=\/wp\/v2\/types\/post"}],"author":[{"embeddable":true,"href":"https:\/\/zonaroja.com.mx\/index.php?rest_route=\/wp\/v2\/users\/2"}],"replies":[{"embeddable":true,"href":"https:\/\/zonaroja.com.mx\/index.php?rest_route=%2Fwp%2Fv2%2Fcomments&post=58286"}],"version-history":[{"count":2,"href":"https:\/\/zonaroja.com.mx\/index.php?rest_route=\/wp\/v2\/posts\/58286\/revisions"}],"predecessor-version":[{"id":58301,"href":"https:\/\/zonaroja.com.mx\/index.php?rest_route=\/wp\/v2\/posts\/58286\/revisions\/58301"}],"wp:featuredmedia":[{"embeddable":true,"href":"https:\/\/zonaroja.com.mx\/index.php?rest_route=\/wp\/v2\/media\/58287"}],"wp:attachment":[{"href":"https:\/\/zonaroja.com.mx\/index.php?rest_route=%2Fwp%2Fv2%2Fmedia&parent=58286"}],"wp:term":[{"taxonomy":"category","embeddable":true,"href":"https:\/\/zonaroja.com.mx\/index.php?rest_route=%2Fwp%2Fv2%2Fcategories&post=58286"},{"taxonomy":"post_tag","embeddable":true,"href":"https:\/\/zonaroja.com.mx\/index.php?rest_route=%2Fwp%2Fv2%2Ftags&post=58286"}],"curies":[{"name":"wp","href":"https:\/\/api.w.org\/{rel}","templated":true}]}}