{"id":58298,"date":"2023-08-02T16:02:46","date_gmt":"2023-08-02T21:02:46","guid":{"rendered":"http:\/\/www.zonaroja.com.mx\/?p=58298"},"modified":"2023-08-02T16:02:47","modified_gmt":"2023-08-02T21:02:47","slug":"anuncia-seccion-22-de-snte-calendario-alternativo-de-200-dias-paro-se-reprograma","status":"publish","type":"post","link":"https:\/\/zonaroja.com.mx\/?p=58298","title":{"rendered":"Anuncia Secci\u00f3n 22 de SNTE calendario alternativo de 200 d\u00edas; paro se reprograma"},"content":{"rendered":"\n<p>Yuridiana Sosa\/Zona Roja.<\/p>\n\n\n\n<p>Oaxaca de Ju\u00e1rez, Oax., a 2 de agosto de 2023.- La Secci\u00f3n 22 del Sindicato Nacional de Trabajadores de la Educaci\u00f3n (SNTE) anunci\u00f3 su calendario escolar alternativo para el ciclo 2023-2024, con 200 d\u00edas laborales, 10 m\u00e1s que lo que contempla la Secretar\u00eda de Educaci\u00f3n P\u00fablica (SEP).<\/p>\n\n\n\n<p>En conferencia de prensa, el Comit\u00e9 Ejecutivo Seccional encabezado por Yenny Aracely P\u00e9rez Mart\u00ednez, dio a conocer que su calendario contempla fechas hist\u00f3ricas y acciones del Movimiento Democr\u00e1tico de los Trabajadores de la Educaci\u00f3n (MDTEO), las cuales son 15, adem\u00e1s de tradiciones comunitarias. Esto sin contemplar los d\u00edas oficiales de descanso.<\/p>\n\n\n\n<p>El inicio del periodo escolar, para los 11 niveles educativos que atiende la gremial, lo marcaron para&nbsp;el jueves 24 de agosto, cuatro d\u00edas antes del oficial, y su conclusi\u00f3n el 10 de julio, cinco d\u00edas antes del que establece la SEP. Sin embargo, el cierre del ciclo, apunt\u00f3, se realiza antes por razones administrativas.&nbsp;<\/p>\n\n\n\n<p>Previo al arranque de clases, los trabajadores de la educaci\u00f3n, adheridos a la Coordinadora Nacional de Trabajadores de la Educaci\u00f3n (CNTE) trabajar\u00e1n en el Taller Estatal de Educaci\u00f3n Alternativa (TEEA) en los 37 sectores de las sieteregiones del estado a partir del 14 de agosto.<\/p>\n\n\n\n<p>La secretaria general se\u00f1al\u00f3 que los docentes siguen contemplando sus estrategias educativas del Plan para la Transformaci\u00f3n de la Educaci\u00f3n en Oaxaca, mismo del que siguen exigiendo se reconozca en la nueva ley estatal de educaci\u00f3n. <\/p>\n\n\n\n<figure class=\"wp-block-embed\"><div class=\"wp-block-embed__wrapper\">\n<div class=\"twitter-tweet\"><blockquote class=\"twitter-tweet\" data-lang=\"es\"><p lang=\"es\" dir=\"ltr\"><a href=\"https:\/\/twitter.com\/hashtag\/%C3%9AltimoMinuto?src=hash&amp;ref_src=twsrc%5Etfw\">#\u00daltimoMinuto<\/a><br>En conferencia de prensa, el comit\u00e9 ejecutivo de la Secci\u00f3n 22 del SNTE, present\u00f3 esta ma\u00f1ana su calendario escolar \u201calternativo\u201d para el estado de Oaxaca, distinto al oficial que emite la SEP. <a href=\"https:\/\/t.co\/SATFAkz58y\">pic.twitter.com\/SATFAkz58y<\/a><\/p>&mdash; Zona Roja Oaxaca (@ZonaRoja_Oaxaca) <a href=\"https:\/\/twitter.com\/ZonaRoja_Oaxaca\/status\/1686780197436346369?ref_src=twsrc%5Etfw\">2 de agosto de 2023<\/a><\/blockquote><\/div>\n<\/div><\/figure>\n\n\n\n<p>Agreg\u00f3 que, en el nuevo ciclo escolar, el comit\u00e9 seccional refrenda su compromiso de la educaci\u00f3n desde los pueblos y para los pueblos.<\/p>\n\n\n\n<p>PARO EN RUTA<\/p>\n\n\n\n<p>La secretaria general, Yenny P\u00e9rez Mart\u00ednez, se\u00f1al\u00f3 que el paro indefinido de labores y la movilizaci\u00f3n masiva de la CNTE qued\u00f3 definida a nivel nacional para&nbsp;el 1 de septiembre.<\/p>\n\n\n\n<p>En tanto que el paro a nivel estatal la fecha podr\u00eda ser distinta, por lo que se discutir\u00e1 en los espacios de consulta en las siguientes horas.<\/p>\n\n\n\n<p>Respecto a los libros de texto gratuito que distribuye la SEP, la Secci\u00f3n 22 del SNTE apunt\u00f3 que no los retomar\u00e1n, pues los docentes contemplan materiales propios como base para su plan educativo.<\/p>\n\n\n\n<p><\/p>\n","protected":false},"excerpt":{"rendered":"<p>Yuridiana Sosa\/Zona Roja. Oaxaca de Ju\u00e1rez, Oax., a 2 de agosto de 2023.- La Secci\u00f3n&hellip;<\/p>\n","protected":false},"author":2,"featured_media":58297,"comment_status":"closed","ping_status":"open","sticky":false,"template":"","format":"standard","meta":{"_lmt_disableupdate":"","_lmt_disable":"","_jetpack_memberships_contains_paid_content":false,"footnotes":""},"categories":[109,47],"tags":[],"class_list":["post-58298","post","type-post","status-publish","format-standard","has-post-thumbnail","hentry","category-minuto-a-minuto","category-zona-gris"],"jetpack_featured_media_url":"https:\/\/zonaroja.com.mx\/wp-content\/uploads\/2023\/08\/222117bc-2bc1-490e-9461-2e3e20e802e8.jpg","jetpack_sharing_enabled":true,"_links":{"self":[{"href":"https:\/\/zonaroja.com.mx\/index.php?rest_route=\/wp\/v2\/posts\/58298","targetHints":{"allow":["GET"]}}],"collection":[{"href":"https:\/\/zonaroja.com.mx\/index.php?rest_route=\/wp\/v2\/posts"}],"about":[{"href":"https:\/\/zonaroja.com.mx\/index.php?rest_route=\/wp\/v2\/types\/post"}],"author":[{"embeddable":true,"href":"https:\/\/zonaroja.com.mx\/index.php?rest_route=\/wp\/v2\/users\/2"}],"replies":[{"embeddable":true,"href":"https:\/\/zonaroja.com.mx\/index.php?rest_route=%2Fwp%2Fv2%2Fcomments&post=58298"}],"version-history":[{"count":1,"href":"https:\/\/zonaroja.com.mx\/index.php?rest_route=\/wp\/v2\/posts\/58298\/revisions"}],"predecessor-version":[{"id":58299,"href":"https:\/\/zonaroja.com.mx\/index.php?rest_route=\/wp\/v2\/posts\/58298\/revisions\/58299"}],"wp:featuredmedia":[{"embeddable":true,"href":"https:\/\/zonaroja.com.mx\/index.php?rest_route=\/wp\/v2\/media\/58297"}],"wp:attachment":[{"href":"https:\/\/zonaroja.com.mx\/index.php?rest_route=%2Fwp%2Fv2%2Fmedia&parent=58298"}],"wp:term":[{"taxonomy":"category","embeddable":true,"href":"https:\/\/zonaroja.com.mx\/index.php?rest_route=%2Fwp%2Fv2%2Fcategories&post=58298"},{"taxonomy":"post_tag","embeddable":true,"href":"https:\/\/zonaroja.com.mx\/index.php?rest_route=%2Fwp%2Fv2%2Ftags&post=58298"}],"curies":[{"name":"wp","href":"https:\/\/api.w.org\/{rel}","templated":true}]}}