{"id":58302,"date":"2023-08-02T20:25:20","date_gmt":"2023-08-03T01:25:20","guid":{"rendered":"http:\/\/www.zonaroja.com.mx\/?p=58302"},"modified":"2023-08-02T20:25:23","modified_gmt":"2023-08-03T01:25:23","slug":"recibe-golpiza-de-su-ex-pareja-al-que-protege-sindica-de-atzompa-oaxaca","status":"publish","type":"post","link":"https:\/\/zonaroja.com.mx\/?p=58302","title":{"rendered":"Recibe golpiza de su ex pareja, al que protege s\u00edndica de Atzompa, Oaxaca"},"content":{"rendered":"\n<p>Yuridiana Sosa\/Zona Roja.<\/p>\n\n\n\n<p>Oaxaca de Ju\u00e1rez, Oax., a 2 de agosto de 2023.- Todav\u00eda con marcas de los golpes en distintas partes de su cuerpo, Karen Alejandra V. M., denunci\u00f3 por violencia a su ex pareja Wesley Emanuel Armengol Reyes, hijo de la s\u00edndica municipal de Santa Mar\u00eda Atzompa, quien ahora encubre al agresor y trata difamarla.<\/p>\n\n\n\n<p>\u201cAfortunadamente estoy viva. Mis hijos no estaban, pero cuando llegaron me vieron ensangrentada\u201d, se\u00f1ala entre l\u00e1grimas la mujer durante la denuncia p\u00fablica que realiz\u00f3 en el z\u00f3calo de la capital en busca de justicia.<\/p>\n\n\n\n<p>Karen ahora teme por su seguridad y la de su familia ante las influencias de la s\u00edndica Margarita Reyes Z\u00e1rate, quien, tras el hecho violento del 30 de julio, ha difundido que su hijo se encuentra desaparecido y responsabiliza a la mujer.<\/p>\n\n\n\n<p>LOS HECHOS<\/p>\n\n\n\n<p>La joven madre apunt\u00f3 que la agresi\u00f3n se registr\u00f3 el pasado 30 de julio en el ba\u00f1o del cuarto que ella renta, al regresar de una comida con amigos.<\/p>\n\n\n\n<p>El hombre, dijo, comenz\u00f3 con fuertes jaloneos y en seguida pas\u00f3 a los golpes, hasta llegar a ocupar un machete sobre su cuello para amenazarla, as\u00ed como un cuchillo.<\/p>\n\n\n\n<figure class=\"wp-block-embed is-type-rich is-provider-twitter wp-block-embed-twitter\"><div class=\"wp-block-embed__wrapper\">\n<div class=\"twitter-tweet\"><blockquote class=\"twitter-tweet\" data-lang=\"es\"><p lang=\"es\" dir=\"ltr\"><a href=\"https:\/\/twitter.com\/hashtag\/%C3%9AltimoMinuto?src=hash&amp;ref_src=twsrc%5Etfw\">#\u00daltimoMinuto<\/a><br>Entre l\u00e1grimas, una joven identificada como Karen Alejandra V. M., denunci\u00f3 a su ex pareja Wesley Emanuel Armengol Reyes, por violencia y agresiones; adem\u00e1s, la s\u00edndica de Santa Mar\u00eda Atzompa, lo protege y presuntamente permiti\u00f3 que se fugara. <a href=\"https:\/\/t.co\/VSDLsgwXRW\">pic.twitter.com\/VSDLsgwXRW<\/a><\/p>&mdash; Zona Roja Oaxaca (@ZonaRoja_Oaxaca) <a href=\"https:\/\/twitter.com\/ZonaRoja_Oaxaca\/status\/1686805528180383744?ref_src=twsrc%5Etfw\">2 de agosto de 2023<\/a><\/blockquote><\/div>\n<\/div><\/figure>\n\n\n\n<p>Karen Alejandra indic\u00f3 que no pudo defenderse ni huir porque Wesley Emanuel la sujet\u00f3, adem\u00e1s de quitarle su dinero y celular.<\/p>\n\n\n\n<p>Ella recibi\u00f3 lesiones y golpes en la cabeza, senos, brazos y piernas; dijo que qued\u00f3 ensangrentada, pero la sangre que cay\u00f3 en el ba\u00f1o y el cuarto \u00e9l las limpi\u00f3 para tratar de cubrir las evidencias; mientras eso ocurr\u00eda, el hombre le llam\u00f3 a su mam\u00e1, la s\u00edndica municipal para pedirle ayuda.<\/p>\n\n\n\n<p>JUSTICIA<\/p>\n\n\n\n<p>La joven mujer apunt\u00f3 que no es la primera vez que Wesley Emanuel Armengol Reyes agrede a una mujer, pues anteriormente tambi\u00e9n lo hizo contra otra de sus parejas, pero a quien la familia convenci\u00f3 de desistir del caso.<\/p>\n\n\n\n<p>\u201cLo voy a encontrar. Quiero que se vaya a la c\u00e1rcel\u201d, sentenci\u00f3 la v\u00edctima, quien present\u00f3 su denuncia ante la Fiscal\u00eda General de Oaxaca el mismo d\u00eda de los hechos.<\/p>\n\n\n\n<p>Sin embargo, lament\u00f3 que no recibi\u00f3 la atenci\u00f3n correspondiente a la violencia que sufri\u00f3 y fue hasta este martes por la tarde cuando la citaron para continuar con las declaraciones y revisiones oculares de su agresi\u00f3n, por lo que espera que la investigaci\u00f3n se realice de forma adecuada para obtener justicia.<\/p>\n","protected":false},"excerpt":{"rendered":"<p>Yuridiana Sosa\/Zona Roja. Oaxaca de Ju\u00e1rez, Oax., a 2 de agosto de 2023.- Todav\u00eda con&hellip;<\/p>\n","protected":false},"author":2,"featured_media":58303,"comment_status":"closed","ping_status":"open","sticky":false,"template":"","format":"standard","meta":{"_lmt_disableupdate":"","_lmt_disable":"","_jetpack_memberships_contains_paid_content":false,"footnotes":""},"categories":[109,47],"tags":[3633,1049],"class_list":["post-58302","post","type-post","status-publish","format-standard","has-post-thumbnail","hentry","category-minuto-a-minuto","category-zona-gris","tag-karen-alejandra-v-m","tag-santa-maria-atzompa"],"jetpack_featured_media_url":"https:\/\/zonaroja.com.mx\/wp-content\/uploads\/2023\/08\/Karen-Alejandra-V.-M.-agresion-Atzompa.jpg","jetpack_sharing_enabled":true,"_links":{"self":[{"href":"https:\/\/zonaroja.com.mx\/index.php?rest_route=\/wp\/v2\/posts\/58302","targetHints":{"allow":["GET"]}}],"collection":[{"href":"https:\/\/zonaroja.com.mx\/index.php?rest_route=\/wp\/v2\/posts"}],"about":[{"href":"https:\/\/zonaroja.com.mx\/index.php?rest_route=\/wp\/v2\/types\/post"}],"author":[{"embeddable":true,"href":"https:\/\/zonaroja.com.mx\/index.php?rest_route=\/wp\/v2\/users\/2"}],"replies":[{"embeddable":true,"href":"https:\/\/zonaroja.com.mx\/index.php?rest_route=%2Fwp%2Fv2%2Fcomments&post=58302"}],"version-history":[{"count":1,"href":"https:\/\/zonaroja.com.mx\/index.php?rest_route=\/wp\/v2\/posts\/58302\/revisions"}],"predecessor-version":[{"id":58304,"href":"https:\/\/zonaroja.com.mx\/index.php?rest_route=\/wp\/v2\/posts\/58302\/revisions\/58304"}],"wp:featuredmedia":[{"embeddable":true,"href":"https:\/\/zonaroja.com.mx\/index.php?rest_route=\/wp\/v2\/media\/58303"}],"wp:attachment":[{"href":"https:\/\/zonaroja.com.mx\/index.php?rest_route=%2Fwp%2Fv2%2Fmedia&parent=58302"}],"wp:term":[{"taxonomy":"category","embeddable":true,"href":"https:\/\/zonaroja.com.mx\/index.php?rest_route=%2Fwp%2Fv2%2Fcategories&post=58302"},{"taxonomy":"post_tag","embeddable":true,"href":"https:\/\/zonaroja.com.mx\/index.php?rest_route=%2Fwp%2Fv2%2Ftags&post=58302"}],"curies":[{"name":"wp","href":"https:\/\/api.w.org\/{rel}","templated":true}]}}