{"id":58305,"date":"2023-08-02T21:17:33","date_gmt":"2023-08-03T02:17:33","guid":{"rendered":"http:\/\/www.zonaroja.com.mx\/?p=58305"},"modified":"2023-08-02T21:17:36","modified_gmt":"2023-08-03T02:17:36","slug":"detiene-fiscalia-de-oaxaca-a-presunto-feminicida-de-salina-cruz","status":"publish","type":"post","link":"https:\/\/zonaroja.com.mx\/?p=58305","title":{"rendered":"Detiene Fiscal\u00eda de Oaxaca a presunto feminicida de Salina Cruz"},"content":{"rendered":"\n<p>Redacci\u00f3n\/Zona Roja.&nbsp;<\/p>\n\n\n\n<p>Oaxaca de Ju\u00e1rez, Oax., a 2 de agosto de 2023.- &nbsp;La Fiscal\u00eda General del Estado de Oaxaca (FGEO) ejecut\u00f3 una orden de aprehensi\u00f3n contra un hombre identificado como E.R.A., por el delito de feminicidio cometido en Salina Cruz, el pasado 30 de julio.<\/p>\n\n\n\n<p>En un comunicado, detall\u00f3 que, de acuerdo con las primeras investigaciones, el sujeto habr\u00eda discutido con la v\u00edctima y posteriormente tom\u00f3 un objeto corto contundente (machete) con el cual la golpe\u00f3, lesiones que ocasionaron la muerte de Gloria Z.M.<\/p>\n\n\n\n<p>Ante ello, la instituci\u00f3n realiz\u00f3 un despliegue de un equipo multidisciplinario para llevar a cabo las primeras diligencias, as\u00ed como obtener informaci\u00f3n sobre los hechos.<\/p>\n\n\n\n<p>Por estos hechos, la Vicefiscal\u00eda Regional del Istmo, inici\u00f3 las indagatorias que permitieron obtener del Juez la orden de aprehensi\u00f3n contra E.R.A., misma que fue ejecutada este martes 1 de agosto, por lo que el imputado fue puesto a disposici\u00f3n del Ministerio P\u00fablico.<\/p>\n\n\n\n<p>Fue el pasado 30 de julio en que la Fiscal\u00eda fue alertada sobre el hallazgo del cuerpo sin vida de una mujer, a un costado de la carretera federal 200 en un terreno bald\u00edo a la altura de la colonia La Hacienda de Salina Cruz.<\/p>\n\n\n\n<p>La instituci\u00f3n que encabeza Bernardo Rodr\u00edguez Alamilla asever\u00f3 que prioriza la investigaci\u00f3n de los delitos contra la mujer, por lo que cuenta con un equipo multidisciplinario que realiza las indagatorias con perspectiva de g\u00e9nero, esto con el objetivo de brindar mejores resultados a las v\u00edctimas directas e indirectas para garantizarles un adecuado acceso a la procuraci\u00f3n de justicia.<\/p>\n","protected":false},"excerpt":{"rendered":"<p>Redacci\u00f3n\/Zona Roja.&nbsp; Oaxaca de Ju\u00e1rez, Oax., a 2 de agosto de 2023.- &nbsp;La Fiscal\u00eda General&hellip;<\/p>\n","protected":false},"author":2,"featured_media":58306,"comment_status":"closed","ping_status":"open","sticky":false,"template":"","format":"standard","meta":{"_lmt_disableupdate":"","_lmt_disable":"","_jetpack_memberships_contains_paid_content":false,"footnotes":""},"categories":[109,46],"tags":[494],"class_list":["post-58305","post","type-post","status-publish","format-standard","has-post-thumbnail","hentry","category-minuto-a-minuto","category-zona-blanca","tag-fiscalia-general-del-estado-de-oaxaca"],"jetpack_featured_media_url":"https:\/\/zonaroja.com.mx\/wp-content\/uploads\/2023\/08\/Gloria-Z.-M.-feminicidio-Salina-Cruz.jpg","jetpack_sharing_enabled":true,"_links":{"self":[{"href":"https:\/\/zonaroja.com.mx\/index.php?rest_route=\/wp\/v2\/posts\/58305","targetHints":{"allow":["GET"]}}],"collection":[{"href":"https:\/\/zonaroja.com.mx\/index.php?rest_route=\/wp\/v2\/posts"}],"about":[{"href":"https:\/\/zonaroja.com.mx\/index.php?rest_route=\/wp\/v2\/types\/post"}],"author":[{"embeddable":true,"href":"https:\/\/zonaroja.com.mx\/index.php?rest_route=\/wp\/v2\/users\/2"}],"replies":[{"embeddable":true,"href":"https:\/\/zonaroja.com.mx\/index.php?rest_route=%2Fwp%2Fv2%2Fcomments&post=58305"}],"version-history":[{"count":1,"href":"https:\/\/zonaroja.com.mx\/index.php?rest_route=\/wp\/v2\/posts\/58305\/revisions"}],"predecessor-version":[{"id":58307,"href":"https:\/\/zonaroja.com.mx\/index.php?rest_route=\/wp\/v2\/posts\/58305\/revisions\/58307"}],"wp:featuredmedia":[{"embeddable":true,"href":"https:\/\/zonaroja.com.mx\/index.php?rest_route=\/wp\/v2\/media\/58306"}],"wp:attachment":[{"href":"https:\/\/zonaroja.com.mx\/index.php?rest_route=%2Fwp%2Fv2%2Fmedia&parent=58305"}],"wp:term":[{"taxonomy":"category","embeddable":true,"href":"https:\/\/zonaroja.com.mx\/index.php?rest_route=%2Fwp%2Fv2%2Fcategories&post=58305"},{"taxonomy":"post_tag","embeddable":true,"href":"https:\/\/zonaroja.com.mx\/index.php?rest_route=%2Fwp%2Fv2%2Ftags&post=58305"}],"curies":[{"name":"wp","href":"https:\/\/api.w.org\/{rel}","templated":true}]}}