{"id":58308,"date":"2023-08-02T22:32:32","date_gmt":"2023-08-03T03:32:32","guid":{"rendered":"http:\/\/www.zonaroja.com.mx\/?p=58308"},"modified":"2023-08-02T22:32:34","modified_gmt":"2023-08-03T03:32:34","slug":"entre-controversias-congreso-avala-pedir-a-la-scjn-agilice-caso-tjao","status":"publish","type":"post","link":"https:\/\/zonaroja.com.mx\/?p=58308","title":{"rendered":"Entre controversias, Congreso avala pedir a la SCJN agilice caso TJAO"},"content":{"rendered":"\n<p>Ismael Garc\u00eda M.\/Zona Roja.<\/p>\n\n\n\n<p>San Raymundo Jalpan, Oax., a 2 de agosto de 2023.- Entre controversias sobre la facultad del Congreso en este caso, la 65 Legislatura de Oaxaca aprob\u00f3 con 22 votos a favor exhortar a la Suprema Corte de Justicia de la Naci\u00f3n (SCJN) analice a fondo la controversia constitucional sobre el Tribunal de Justicia Administrativa.<\/p>\n\n\n\n<p>La propuesta fue de la diputada por Morena, Roselina L\u00f3pez Garc\u00eda, quien plante\u00f3 que, en el marco de sus facultades, respetando las normas jur\u00eddicas, v\u00edas, procedimientos, as\u00ed como el derecho de las partes procesales, \u201cvalore la trascendencia e importancia social del asunto relacionado con la controversia constitucional 396\/2023.<\/p>\n\n\n\n<p>\u201cEn raz\u00f3n de que indebidamente se otorg\u00f3 la suspensi\u00f3n a favor de la parte actora, por ello, se requiere que de forma exhaustiva y expedita conozca el fondo del asunto para que a la brevedad se d\u00e9 una determinaci\u00f3n jur\u00eddica y certera a favor del pueblo de Oaxaca\u201d.<\/p>\n\n\n\n<p>Ello en referencia a la queja que interpuso un ex integrante del Tribunal de Justicia Administrativa ante la SCJN, en receso de sesiones, y cuya comisi\u00f3n recibi\u00f3 la controversia y determin\u00f3 que se siga respetando a los magistrados&nbsp; de dicho \u00f3rgano, que extingui\u00f3 la Legislatura actual, el pasado 22 de julio.<\/p>\n\n\n\n<p>\u201cGracias a los medios de comunicaci\u00f3n se han dado a conocer los diferentes lujos y despilfarros de dinero con los que se conduc\u00edan los ex magistrados del extinto Tribunal de Justicia Administrativa, ya que se encontraron un excesivo n\u00famero de botellas de alcohol.<\/p>\n\n\n\n<p>\u201cYa se ha dado a conocer los sueldos millonarios que percib\u00edan las y los magistrados as\u00ed como la poca productividad que ten\u00edan al resolver los asuntos de su competencia; sin duda, con estos actos se corrobora que el Tribunal era plagado de tr\u00e1mites engorrosos e impedimento democr\u00e1tico que perjudicaban a los gobernados\u201d, argument\u00f3 L\u00f3pez Garc\u00eda.<\/p>\n\n\n\n<figure class=\"wp-block-embed is-type-rich is-provider-twitter wp-block-embed-twitter\"><div class=\"wp-block-embed__wrapper\">\n<div class=\"twitter-tweet\"><blockquote class=\"twitter-tweet\" data-lang=\"es\"><p lang=\"es\" dir=\"ltr\"><a href=\"https:\/\/twitter.com\/hashtag\/%C3%9AltimoMinuto?src=hash&amp;ref_src=twsrc%5Etfw\">#\u00daltimoMinuto<\/a><br>Con 22 votos a favor y 7 en contra, previa discusi\u00f3n, el pleno del <a href=\"https:\/\/twitter.com\/CongresoOaxaca_?ref_src=twsrc%5Etfw\">@CongresoOaxaca_<\/a> aprob\u00f3 hoy un exhorto dirigido a la <a href=\"https:\/\/twitter.com\/SCJN?ref_src=twsrc%5Etfw\">@SCJN<\/a> para que valore argumentos, revise de forma exhaustiva y expedita y conozca a fondo el asunto del <a href=\"https:\/\/twitter.com\/TJAO_Oaxaca?ref_src=twsrc%5Etfw\">@TJAO_Oaxaca<\/a>, para que a la brevedad se d\u00e9\u2026 <a href=\"https:\/\/t.co\/p5uWMCnzfz\">pic.twitter.com\/p5uWMCnzfz<\/a><\/p>&mdash; Zona Roja Oaxaca (@ZonaRoja_Oaxaca) <a href=\"https:\/\/twitter.com\/ZonaRoja_Oaxaca\/status\/1686865717004546048?ref_src=twsrc%5Etfw\">2 de agosto de 2023<\/a><\/blockquote><\/div>\n<\/div><\/figure>\n\n\n\n<p>Dijo que se sorprendi\u00f3 a la Suprema Corte de Justicia de la Naci\u00f3n al haberse tramitado la controversia constitucional mediante el cual se otorga parcialmente la suspensi\u00f3n solicitada por el magistrado Manuel Velasco Alc\u00e1ntara.<\/p>\n\n\n\n<p>\u201cCon informaci\u00f3n err\u00f3nea, ya que los actos de los que se duele la parte actora ya est\u00e1n consumados y por ende la situaci\u00f3n jur\u00eddica ha cambiado y son firmes\u201d, expuso.<\/p>\n\n\n\n<p>Justific\u00f3 que las determinaciones que tom\u00f3 el Congreso del Estado al respecto han sido correctos y lament\u00f3 que la Corte haya sido \u201csorprendida\u201d, al tiempo de confiar en que las Carpetas de Investigaci\u00f3n del ex magistrado, se resuelvan pronto.<\/p>\n\n\n\n<p>Fue la diputada por el PRI, Mar\u00eda Luisa Matus Fuentes, quien rebati\u00f3 la propuesta de la legisladora por Morena y dijo que el exhorto es una \u201cfranca violaci\u00f3n al principio de divisi\u00f3n de poderes\u201d.<\/p>\n\n\n\n<p>Pues es un tema en el cual el Congreso es se\u00f1alado como autoridad responsable de lo ocurrido; \u201ces incongruente que pretendamos decirle el sentido en que se deba resolver un asunto, por eso no podemos votar a favor, sobre todo porque la suspensi\u00f3n provisional tiene la finalidad de evitar que se consuman los actos que se impugnaron.<\/p>\n\n\n\n<p>\u201cM\u00e1s que puntos de acuerdo sobre el actuar de otros poderes, este Poder Legislativo debiera estar concentrado en cumplir con todos y cada una de las etapas de los procedimientos legislativos para reformar las leyes. Si hici\u00e9ramos bien nuestro trabajo, si hici\u00e9ramos bien nuestra funci\u00f3n, no estar\u00edamos en este problema. Nosotros, el Congreso, ha generado esta situaci\u00f3n\u201d, reproch\u00f3, al lamentar que haya duplicidad de magistrados en el tribunal referido.<\/p>\n\n\n\n<p>Finalmente el pleno aprob\u00f3 con 22 votos a favor y siete en contra -de priistas, perredistas y panistas- el exhorto dirigido a la Corte de Justicia.<\/p>\n","protected":false},"excerpt":{"rendered":"<p>Ismael Garc\u00eda M.\/Zona Roja. San Raymundo Jalpan, Oax., a 2 de agosto de 2023.- Entre&hellip;<\/p>\n","protected":false},"author":2,"featured_media":58309,"comment_status":"closed","ping_status":"open","sticky":false,"template":"","format":"standard","meta":{"_lmt_disableupdate":"","_lmt_disable":"","_jetpack_memberships_contains_paid_content":false,"footnotes":""},"categories":[109,46],"tags":[2743],"class_list":["post-58308","post","type-post","status-publish","format-standard","has-post-thumbnail","hentry","category-minuto-a-minuto","category-zona-blanca","tag-65-legislatura-del-estado-de-oaxaca"],"jetpack_featured_media_url":"https:\/\/zonaroja.com.mx\/wp-content\/uploads\/2023\/08\/Sesion-Congreso-2agosto.jpg","jetpack_sharing_enabled":true,"_links":{"self":[{"href":"https:\/\/zonaroja.com.mx\/index.php?rest_route=\/wp\/v2\/posts\/58308","targetHints":{"allow":["GET"]}}],"collection":[{"href":"https:\/\/zonaroja.com.mx\/index.php?rest_route=\/wp\/v2\/posts"}],"about":[{"href":"https:\/\/zonaroja.com.mx\/index.php?rest_route=\/wp\/v2\/types\/post"}],"author":[{"embeddable":true,"href":"https:\/\/zonaroja.com.mx\/index.php?rest_route=\/wp\/v2\/users\/2"}],"replies":[{"embeddable":true,"href":"https:\/\/zonaroja.com.mx\/index.php?rest_route=%2Fwp%2Fv2%2Fcomments&post=58308"}],"version-history":[{"count":1,"href":"https:\/\/zonaroja.com.mx\/index.php?rest_route=\/wp\/v2\/posts\/58308\/revisions"}],"predecessor-version":[{"id":58310,"href":"https:\/\/zonaroja.com.mx\/index.php?rest_route=\/wp\/v2\/posts\/58308\/revisions\/58310"}],"wp:featuredmedia":[{"embeddable":true,"href":"https:\/\/zonaroja.com.mx\/index.php?rest_route=\/wp\/v2\/media\/58309"}],"wp:attachment":[{"href":"https:\/\/zonaroja.com.mx\/index.php?rest_route=%2Fwp%2Fv2%2Fmedia&parent=58308"}],"wp:term":[{"taxonomy":"category","embeddable":true,"href":"https:\/\/zonaroja.com.mx\/index.php?rest_route=%2Fwp%2Fv2%2Fcategories&post=58308"},{"taxonomy":"post_tag","embeddable":true,"href":"https:\/\/zonaroja.com.mx\/index.php?rest_route=%2Fwp%2Fv2%2Ftags&post=58308"}],"curies":[{"name":"wp","href":"https:\/\/api.w.org\/{rel}","templated":true}]}}