{"id":5831,"date":"2019-11-17T17:58:04","date_gmt":"2019-11-17T23:58:04","guid":{"rendered":"http:\/\/www.zonaroja.com.mx\/?p=5831"},"modified":"2019-11-17T17:58:07","modified_gmt":"2019-11-17T23:58:07","slug":"domingo-rojo-dos-asesinados-un-desaparecido-y-ataque-a-policias","status":"publish","type":"post","link":"https:\/\/zonaroja.com.mx\/?p=5831","title":{"rendered":"Domingo rojo: dos asesinados, un desaparecido y ataque a polic\u00edas"},"content":{"rendered":"\n<p>Redacci\u00f3n\/Zona Roja.<\/p>\n\n\n\n<p>Oaxaca de Ju\u00e1rez, Oax., Dos personas asesinadas\na balazos, una en la Costa y otra en la Cuenca, as\u00ed como una m\u00e1s desaparecida y\nun ataque a polic\u00edas municipales, es el saldo violento de este domingo y las \u00faltimas\nhoras de ayer.<\/p>\n\n\n\n<p>De acuerdo con informaci\u00f3n de\ncorporaciones de seguridad p\u00fablica, un comando atac\u00f3 anoche a una familia de\ncomerciantes en el municipio de San Felipe Jalapa de D\u00edaz, en la regi\u00f3n Cuenca.<\/p>\n\n\n\n<p>Adem\u00e1s, agredi\u00f3 a una partida de\npolic\u00edas municipales, que se encuentran desarmados.<\/p>\n\n\n\n<p>Los hechos sucedieron en una bodega de\nma\u00edz ubicado junto a las instalaciones del DIF municipal, en la agencia de\nArroyo Venado, cerca de la carretera federal.<\/p>\n\n\n\n<p>Ah\u00ed fue ultimado de varios balazos el\ncomerciante que fue identificado como Juan Manuel G\u00e1lvez Macario, de 46 a\u00f1os de\nedad, mientras que uno de sus hermanos est\u00e1 en calidad de desaparecido y hasta\nel momento no ha sido localizado.<\/p>\n\n\n\n<p>Familiares de las v\u00edctimas lamentaron\nque 12 horas despu\u00e9s de los hechos, la Viscal\u00eda Regional de la Cuenca envi\u00f3\npersonal para ordenar el levantamiento del cuerpo e iniciar las primeras\ninvestigaciones.<\/p>\n\n\n\n<p>OTRO EN LA COSTA<\/p>\n\n\n\n<p>Mientras tanto, a un costado de la\ncarretera federal 200 de la regi\u00f3n Costa, a la altura del paraje \u201cLa Tortuga\u201d\nde Santiago Jamiltepec, fue ultimado a balazos un individiduo.<\/p>\n\n\n\n<p>Fue identificado como Yudel Reyes\nG\u00f3mez, de 22 a\u00f1os de edad, originario de Villa de Tututepec y a\u00fan se desconoce\nqui\u00e9n o qui\u00e9nes lo victimaron; presenta varios impactos de arma de fuego en el\ncuerpo, uno de ellos en la cabeza.<\/p>\n\n\n\n<p>IDENTIFICADOS EN LA PIRAGUA<\/p>\n\n\n\n<p>Por otra parte, la Vicefiscal\u00eda\nRegional de la Cuenca identific\u00f3 legalmente a las dos personas que anoche\nri\u00f1eron en la calle Moctezuma de la colonia La Piragua, en San Juan Bautista\nTuxtepec.<\/p>\n\n\n\n<p>Se trata de Emiliano S\u00e1nchez Panam\u00e1,\nquien perdi\u00f3 la vida a causa de heridas causadas por arma punzocortante, y Zacar\u00edas\nCaro, quien result\u00f3 lesionado.<\/p>\n","protected":false},"excerpt":{"rendered":"<p>Redacci\u00f3n\/Zona Roja. Oaxaca de Ju\u00e1rez, Oax., Dos personas asesinadas a balazos, una en la Costa&hellip;<\/p>\n","protected":false},"author":2,"featured_media":5832,"comment_status":"closed","ping_status":"open","sticky":false,"template":"","format":"standard","meta":{"_lmt_disableupdate":"","_lmt_disable":"","_jetpack_memberships_contains_paid_content":false,"footnotes":""},"categories":[109,51],"tags":[580],"class_list":["post-5831","post","type-post","status-publish","format-standard","has-post-thumbnail","hentry","category-minuto-a-minuto","category-zona-roja","tag-san-felipe-jalapa-de-diaz"],"jetpack_featured_media_url":"https:\/\/zonaroja.com.mx\/wp-content\/uploads\/2019\/11\/b293454d-e68f-4d98-bb84-c40877614f74.jpg","jetpack_sharing_enabled":true,"_links":{"self":[{"href":"https:\/\/zonaroja.com.mx\/index.php?rest_route=\/wp\/v2\/posts\/5831","targetHints":{"allow":["GET"]}}],"collection":[{"href":"https:\/\/zonaroja.com.mx\/index.php?rest_route=\/wp\/v2\/posts"}],"about":[{"href":"https:\/\/zonaroja.com.mx\/index.php?rest_route=\/wp\/v2\/types\/post"}],"author":[{"embeddable":true,"href":"https:\/\/zonaroja.com.mx\/index.php?rest_route=\/wp\/v2\/users\/2"}],"replies":[{"embeddable":true,"href":"https:\/\/zonaroja.com.mx\/index.php?rest_route=%2Fwp%2Fv2%2Fcomments&post=5831"}],"version-history":[{"count":1,"href":"https:\/\/zonaroja.com.mx\/index.php?rest_route=\/wp\/v2\/posts\/5831\/revisions"}],"predecessor-version":[{"id":5833,"href":"https:\/\/zonaroja.com.mx\/index.php?rest_route=\/wp\/v2\/posts\/5831\/revisions\/5833"}],"wp:featuredmedia":[{"embeddable":true,"href":"https:\/\/zonaroja.com.mx\/index.php?rest_route=\/wp\/v2\/media\/5832"}],"wp:attachment":[{"href":"https:\/\/zonaroja.com.mx\/index.php?rest_route=%2Fwp%2Fv2%2Fmedia&parent=5831"}],"wp:term":[{"taxonomy":"category","embeddable":true,"href":"https:\/\/zonaroja.com.mx\/index.php?rest_route=%2Fwp%2Fv2%2Fcategories&post=5831"},{"taxonomy":"post_tag","embeddable":true,"href":"https:\/\/zonaroja.com.mx\/index.php?rest_route=%2Fwp%2Fv2%2Ftags&post=5831"}],"curies":[{"name":"wp","href":"https:\/\/api.w.org\/{rel}","templated":true}]}}