{"id":58314,"date":"2023-08-03T09:30:00","date_gmt":"2023-08-03T14:30:00","guid":{"rendered":"http:\/\/www.zonaroja.com.mx\/?p=58314"},"modified":"2023-08-03T07:56:27","modified_gmt":"2023-08-03T12:56:27","slug":"guerrero-narcobloqueos-dejan-al-menos-20-vehiculos-incendiados","status":"publish","type":"post","link":"https:\/\/zonaroja.com.mx\/?p=58314","title":{"rendered":"Guerrero: \u201cnarcobloqueos\u201d dejan al menos 20 veh\u00edculos incendiados\u00a0"},"content":{"rendered":"\n<p>Redacci\u00f3n\/Zona Roja Cdmx.<\/p>\n\n\n\n<p>Ciudad de M\u00e9xico, a 3 de agosto de 2023.- En un hecho sin precedentes, grupos criminales incendiaron 20 veh\u00edculos a tan solo cinco y 15 minutos de distancia del centro de Acapulco.&nbsp;<\/p>\n\n\n\n<p>La detenci\u00f3n de un presunto delincuente en San Isidro, Guerrero, desencaden\u00f3 esta serie de bloqueos, incluyendo la quema de un autob\u00fas de un equipo de f\u00fatbol que se encontraba en la zona para un torneo nacional.<\/p>\n\n\n\n<p>Para garantizar el orden en las inmediaciones de Acapulco y la zona c\u00e9ntrica del puerto, tras la incursi\u00f3n de las c\u00e9lulas criminales, debieron sumarse al operativo efectivos militares, navales, polic\u00eda estatal y de la Fiscal\u00eda General de la Rep\u00fablica (FGR), algunas cifras se\u00f1alaron que eran m\u00e1s de 150 agentes involucrados en el operativo.<\/p>\n\n\n\n<p>Hasta el cierre de esta edici\u00f3n no se hab\u00eda informado el nombre de la persona de inter\u00e9s que hab\u00eda sido capturada. Por el momento se llevaban a cabo operativos de vigilancia y hasta el momento se hab\u00edan decomisado 10 armas de fuego, incluyendo fusiles de asalto AR-15 y AK-47.<\/p>\n\n\n\n<p>EL INICIO<\/p>\n\n\n\n<p>Despu\u00e9s de concluirse un operativo de fuerzas federales, comenz\u00f3 el cierre de la carretera federal Acapulco-Zihuatanejo, con m\u00e1s de 300 unidades de transporte p\u00fablico, entre ellos taxis, camionetas tipo Urvan y mototaxis.&nbsp;<\/p>\n\n\n\n<p>En Guerrero, en los \u00faltimos a\u00f1os, el ataque a transportistas y la movilizaci\u00f3n de \u00e9stos en distintas protestas (como ocurri\u00f3 cuando desaparecieron los 43 normalistas de Ayotzinapa) est\u00e1n relacionados con grupos criminales.<\/p>\n\n\n\n<p>La tarde de este mi\u00e9rcoles se torn\u00f3 m\u00e1s cr\u00edtica, cuando presuntos delincuentes prendieron fuego a varios veh\u00edculos, entre ellos un autob\u00fas que transportaba a 46 personas, incluyendo 16 ni\u00f1os, quienes participaban en un torneo de f\u00fatbol provenientes del estado de Morelos.<\/p>\n\n\n\n<p>Poco despu\u00e9s, el bloqueo se traslad\u00f3 al \u00e1rea c\u00e9ntrica, donde desconocidos prendieron fuego a un cami\u00f3n del transporte p\u00fablico en la esquina de Avenida Cuauht\u00e9moc y Art\u00edculo 27, a dos cuadras de la Costera y a cinco minutos del centro del puerto, a dos cuadras del mercado central de abasto, que fue quemado semanas atr\u00e1s.<\/p>\n\n\n\n<p>EL CAOS<\/p>\n\n\n\n<p>Esta vez, de manera sorpresiva, los bloqueos en la zona de Pie de la Cuesta, la salida a la Costa Grande y a unos 15 minutos del centro de la ciudad, que es una zona en donde generalmente no se reportan este tipo de actos violentos. A esto se suma que la quema del cami\u00f3n en Avenida Cuauht\u00e9moc, una zona tan transitada, tampoco hab\u00eda ocurrido.<\/p>\n\n\n\n<p>M\u00e1s de una hora despu\u00e9s de los hechos, la Secretar\u00eda de Seguridad P\u00fablica Estatal inform\u00f3 que \u201cla tarde de este mi\u00e9rcoles se activ\u00f3 el protocolo de disuasi\u00f3n a un grupo de manifestantes, quienes imped\u00edan el libre tr\u00e1nsito en tres puntos sobre la carretera federal Acapulco-Zihuatanejo\u201d.<\/p>\n\n\n\n<p>Y a\u00f1adi\u00f3 la dependencia en un comunicado: \u201cTras estas acciones, la Polic\u00eda Estatal en coordinaci\u00f3n con la Secretar\u00eda de la Defensa Nacional, Secretar\u00eda de Marina, Guardia Nacional, Fiscal\u00eda General del Estado y Polic\u00eda Municipal tomaron el control de la carretera al poniente del puerto de Acapulco. En estos momentos se mantiene presencia de las autoridades civiles y militares para garantizar el libre tr\u00e1nsito de la ciudadan\u00eda\u201d.<\/p>\n\n\n\n<p>(Informaci\u00f3n del sitio \u201cEje Central\u201d)<\/p>\n","protected":false},"excerpt":{"rendered":"<p>Redacci\u00f3n\/Zona Roja Cdmx. Ciudad de M\u00e9xico, a 3 de agosto de 2023.- En un hecho&hellip;<\/p>\n","protected":false},"author":2,"featured_media":58315,"comment_status":"closed","ping_status":"open","sticky":false,"template":"","format":"standard","meta":{"_lmt_disableupdate":"","_lmt_disable":"","_jetpack_memberships_contains_paid_content":false,"footnotes":""},"categories":[109,47],"tags":[80],"class_list":["post-58314","post","type-post","status-publish","format-standard","has-post-thumbnail","hentry","category-minuto-a-minuto","category-zona-gris","tag-guerrero"],"jetpack_featured_media_url":"https:\/\/zonaroja.com.mx\/wp-content\/uploads\/2023\/08\/Narcobloqueos-e-incendios-Acapulco-Guerrero.jpeg","jetpack_sharing_enabled":true,"_links":{"self":[{"href":"https:\/\/zonaroja.com.mx\/index.php?rest_route=\/wp\/v2\/posts\/58314","targetHints":{"allow":["GET"]}}],"collection":[{"href":"https:\/\/zonaroja.com.mx\/index.php?rest_route=\/wp\/v2\/posts"}],"about":[{"href":"https:\/\/zonaroja.com.mx\/index.php?rest_route=\/wp\/v2\/types\/post"}],"author":[{"embeddable":true,"href":"https:\/\/zonaroja.com.mx\/index.php?rest_route=\/wp\/v2\/users\/2"}],"replies":[{"embeddable":true,"href":"https:\/\/zonaroja.com.mx\/index.php?rest_route=%2Fwp%2Fv2%2Fcomments&post=58314"}],"version-history":[{"count":1,"href":"https:\/\/zonaroja.com.mx\/index.php?rest_route=\/wp\/v2\/posts\/58314\/revisions"}],"predecessor-version":[{"id":58316,"href":"https:\/\/zonaroja.com.mx\/index.php?rest_route=\/wp\/v2\/posts\/58314\/revisions\/58316"}],"wp:featuredmedia":[{"embeddable":true,"href":"https:\/\/zonaroja.com.mx\/index.php?rest_route=\/wp\/v2\/media\/58315"}],"wp:attachment":[{"href":"https:\/\/zonaroja.com.mx\/index.php?rest_route=%2Fwp%2Fv2%2Fmedia&parent=58314"}],"wp:term":[{"taxonomy":"category","embeddable":true,"href":"https:\/\/zonaroja.com.mx\/index.php?rest_route=%2Fwp%2Fv2%2Fcategories&post=58314"},{"taxonomy":"post_tag","embeddable":true,"href":"https:\/\/zonaroja.com.mx\/index.php?rest_route=%2Fwp%2Fv2%2Ftags&post=58314"}],"curies":[{"name":"wp","href":"https:\/\/api.w.org\/{rel}","templated":true}]}}