{"id":58321,"date":"2023-08-03T11:30:00","date_gmt":"2023-08-03T16:30:00","guid":{"rendered":"http:\/\/www.zonaroja.com.mx\/?p=58321"},"modified":"2023-08-03T08:15:22","modified_gmt":"2023-08-03T13:15:22","slug":"crece-polemica-por-los-libros-de-texto-en-mexico-a-semanas-de-inicio-de-clases","status":"publish","type":"post","link":"https:\/\/zonaroja.com.mx\/?p=58321","title":{"rendered":"Crece pol\u00e9mica por los libros de texto en M\u00e9xico, a semanas de inicio de clases"},"content":{"rendered":"\n<p>Redacci\u00f3n\/Zona Roja Cdmx.<\/p>\n\n\n\n<p>Ciudad de M\u00e9xico, a 3 de agosto de 2023.- El presidente de M\u00e9xico, Andr\u00e9s Manuel L\u00f3pez Obrador, afirm\u00f3 este martes que los nuevos Libros de Texto Gratuitos ser\u00e1n distribuidos para el ciclo escolar 2023-2024 debido a que \u00abno hay ning\u00fan impedimento legal\u00bb, a pesar de que una jueza federal dio el lunes un plazo de 24 horas a las autoridades educativas del pa\u00eds para que cumplan con la orden de no distribuir el material.<\/p>\n\n\n\n<p>La resoluci\u00f3n exige a la Secretar\u00eda de Educaci\u00f3n P\u00fablica (SEP) someter a consulta de especialistas y gobiernos estatales los nuevos libros de primaria y secundaria antes de su distribuci\u00f3n. En caso de no comprobar que se realizaron los procedimientos legales para la renovaci\u00f3n de su contenido, deb\u00eda detener la entrega y utilizar los materiales anteriores.<\/p>\n\n\n\n<p>Pero al no haber sido cumplido por la dependencia federal, una jueza federal lanz\u00f3 un ultim\u00e1tum, ante lo que el presidente mexicano respondi\u00f3 que los libros estar\u00e1n listos para el reinicio a clases, programado para el 28 de agosto pr\u00f3ximo.<\/p>\n\n\n\n<p>\u00abNo hay ning\u00fan juicio de amparo que impida la distribuci\u00f3n de los libros, no hay nada que impida eso\u00bb, dijo L\u00f3pez Obrador este martes, en su habitual conferencia de prensa.<\/p>\n\n\n\n<p>Ante las cr\u00edticas que han hecho especialistas a los materiales educativos que se introducir\u00e1n el pr\u00f3ximo ciclo, la Secretar\u00eda de Educaci\u00f3n P\u00fablica dijo que los contenidos promueven ense\u00f1anza human\u00edstica y cient\u00edfica, as\u00ed lo afirm\u00f3 a titular de la Secretar\u00eda de Educaci\u00f3n P\u00fablica, Leticia Ram\u00edrez Amaya, por medio de un v\u00eddeo que se comparti\u00f3 por parte de la Secretar\u00eda de Educaci\u00f3n de Coahuila, de la cual es titular Francisco Saracho Navarro.<\/p>\n\n\n\n<p>Al respecto, la titular de la SEP, Leticia Ram\u00edrez, respondi\u00f3 a las acusaciones de Javier Alatorre, confirmando que los libros no ser\u00e1n redise\u00f1ados, y que proceder\u00e1 con su distribuci\u00f3n en las escuelas a pesar de las objeciones planteadas.<\/p>\n\n\n\n<p>Ram\u00edrez se\u00f1al\u00f3 que en los nuevos materiales educativos tienen el objetivo principal de fomentar el trabajo a trav\u00e9s de proyectos, la colaboraci\u00f3n, el pensamiento cr\u00edtico y la igualdad de g\u00e9nero, entre otros valores. Ser\u00e1, como dicen algunos en redes, porque no cuentan con informaci\u00f3n ver\u00eddica y confiable y tendr\u00e1n que buscarla y estudiarla por otras fuentes.<\/p>\n\n\n\n<p>LOS TEMAS<\/p>\n\n\n\n<p>Los libros de texto de la Secretar\u00eda de Educaci\u00f3n P\u00fablica (SEP) han provocado gran controversia. Uno de los puntos que han causado preocupaci\u00f3n es su contenido, por la polarizaci\u00f3n que se inculca en los alumnos.<\/p>\n\n\n\n<p>Al respecto, ya son varios los an\u00e1lisis y revisiones realizados por expertos certificados a la nueva versi\u00f3n de libros de la SEP para los ni\u00f1os de nuestro pa\u00eds, donde se exhiben frases tendenciosas como: \u00abLa educaci\u00f3n es un acto pol\u00edtico para la transformaci\u00f3n\u00bb, lo cual se lee en un libro de la SEP que fomenta el desprecio al trabajo y glorifica la pobreza.<\/p>\n\n\n\n<p>El Instituto Mexicano para la Competitividad (IMCO), se\u00f1al\u00f3 en un comunicado que este nuevo plan de la SEP fue planeado al vapor y que se pronuncia tambi\u00e9n en contra del desarrollo de talento en la educaci\u00f3n b\u00e1sica con base en habilidades y necesidades del mercado laboral, por considerar que ello est\u00e1 peleado con el desarrollo humano y de la comunidad.&nbsp;<\/p>\n\n\n\n<p>Entre los temas est\u00e1n la sustituci\u00f3n de los grados educativos por fases y la modificaci\u00f3n de los sistemas de evaluaci\u00f3n.<\/p>\n\n\n\n<p>Considera que la educaci\u00f3n no es una herramienta para formar habilidades que demanda el mercado laboral.<\/p>\n\n\n\n<p>La formaci\u00f3n de talento preparado deja de ser una prioridad.<\/p>\n\n\n\n<p>Se resta importancia a la adquisici\u00f3n de aprendizajes clave, como matem\u00e1ticas y la ciencia.<\/p>\n\n\n\n<p>Finalmente el IMCO advirti\u00f3 que los riesgos detectados podr\u00edan empeorar el rezago y deserci\u00f3n escolar que desde 2020 ocasion\u00f3 la pandemia, as\u00ed como tambi\u00e9n entorpecer el avance de secundaria a media superior.<\/p>\n\n\n\n<p>(Informaci\u00f3n de \u201cMarca\u201d)<\/p>\n","protected":false},"excerpt":{"rendered":"<p>Redacci\u00f3n\/Zona Roja Cdmx. Ciudad de M\u00e9xico, a 3 de agosto de 2023.- El presidente de&hellip;<\/p>\n","protected":false},"author":2,"featured_media":58322,"comment_status":"closed","ping_status":"open","sticky":false,"template":"","format":"standard","meta":{"_lmt_disableupdate":"","_lmt_disable":"","_jetpack_memberships_contains_paid_content":false,"footnotes":""},"categories":[109,47],"tags":[],"class_list":["post-58321","post","type-post","status-publish","format-standard","has-post-thumbnail","hentry","category-minuto-a-minuto","category-zona-gris"],"jetpack_featured_media_url":"https:\/\/zonaroja.com.mx\/wp-content\/uploads\/2023\/08\/Libros-de-texto-gratuitos-Mexico.jpeg","jetpack_sharing_enabled":true,"_links":{"self":[{"href":"https:\/\/zonaroja.com.mx\/index.php?rest_route=\/wp\/v2\/posts\/58321","targetHints":{"allow":["GET"]}}],"collection":[{"href":"https:\/\/zonaroja.com.mx\/index.php?rest_route=\/wp\/v2\/posts"}],"about":[{"href":"https:\/\/zonaroja.com.mx\/index.php?rest_route=\/wp\/v2\/types\/post"}],"author":[{"embeddable":true,"href":"https:\/\/zonaroja.com.mx\/index.php?rest_route=\/wp\/v2\/users\/2"}],"replies":[{"embeddable":true,"href":"https:\/\/zonaroja.com.mx\/index.php?rest_route=%2Fwp%2Fv2%2Fcomments&post=58321"}],"version-history":[{"count":1,"href":"https:\/\/zonaroja.com.mx\/index.php?rest_route=\/wp\/v2\/posts\/58321\/revisions"}],"predecessor-version":[{"id":58323,"href":"https:\/\/zonaroja.com.mx\/index.php?rest_route=\/wp\/v2\/posts\/58321\/revisions\/58323"}],"wp:featuredmedia":[{"embeddable":true,"href":"https:\/\/zonaroja.com.mx\/index.php?rest_route=\/wp\/v2\/media\/58322"}],"wp:attachment":[{"href":"https:\/\/zonaroja.com.mx\/index.php?rest_route=%2Fwp%2Fv2%2Fmedia&parent=58321"}],"wp:term":[{"taxonomy":"category","embeddable":true,"href":"https:\/\/zonaroja.com.mx\/index.php?rest_route=%2Fwp%2Fv2%2Fcategories&post=58321"},{"taxonomy":"post_tag","embeddable":true,"href":"https:\/\/zonaroja.com.mx\/index.php?rest_route=%2Fwp%2Fv2%2Ftags&post=58321"}],"curies":[{"name":"wp","href":"https:\/\/api.w.org\/{rel}","templated":true}]}}