{"id":58324,"date":"2023-08-03T14:15:00","date_gmt":"2023-08-03T19:15:00","guid":{"rendered":"http:\/\/www.zonaroja.com.mx\/?p=58324"},"modified":"2023-08-03T08:18:30","modified_gmt":"2023-08-03T13:18:30","slug":"capacita-poder-judicial-a-jueces-sobre-desaparicion-forzada-y-ordenes-de-proteccion","status":"publish","type":"post","link":"https:\/\/zonaroja.com.mx\/?p=58324","title":{"rendered":"Capacita Poder Judicial a jueces sobre\u00a0desaparici\u00f3n forzada y \u00f3rdenes de protecci\u00f3n\u00a0"},"content":{"rendered":"\n<p>Redacci\u00f3n\/Zona Roja.<\/p>\n\n\n\n<p>Oaxaca de Ju\u00e1rez, Oax., a 3 de agosto de 2023.- Como parte de la jornada de capacitaci\u00f3n que el Poder Judicial del Estado imparte a juezas y jueces en materia civil, familiar y mixta, se abordaron los temas Desaparici\u00f3n forzada a cargo de la defensora adjunta de la Defensor\u00eda de los Derechos Humanos del Pueblo de Oaxaca, Luz Mar\u00eda Hern\u00e1ndez Ram\u00edrez, y \u00d3rdenes de protecci\u00f3n, por la abogada Elizabeth Ben\u00edtez Crist\u00f3bal, experta en protecci\u00f3n y defensa de los derechos humanos con especial \u00e9nfasis en derechos de las mujeres y ni\u00f1as.<\/p>\n\n\n\n<p>Ante los&nbsp;retos y&nbsp;modificaciones que implica&nbsp;el&nbsp;nuevo C\u00f3digo Nacional de Procedimientos Civiles y Familiares,&nbsp;en el que se impulsa la oralidad, la justicia digital, el respeto a los derechos humanos y la protecci\u00f3n de personas que se encuentran en situaciones de vulnerabilidad, el cual entrar\u00e1 en vigor en el&nbsp;a\u00f1o&nbsp;2027, las especialistas destacaron la importancia de sumar esfuerzos&nbsp;en estos temas sensibles para la sociedad.<\/p>\n\n\n\n<p>Sobre las \u00f3rdenes de protecci\u00f3n, la directora del \u00e1rea de documentaci\u00f3n y litigio estrat\u00e9gico de casos de la organizaci\u00f3n civil feminista Lilas A.C, puntualiz\u00f3 que&nbsp;son un derecho de todas las mujeres y ni\u00f1as&nbsp;como&nbsp;mecanismos urgentes de protecci\u00f3n que se aplican en funci\u00f3n del inter\u00e9s superior de la mujer en situaci\u00f3n de violencia, o bien, en riesgo de sufrir violencia y establece un conjunto de acciones de prevenci\u00f3n y protecci\u00f3n por parte de las autoridades.<\/p>\n\n\n\n<p>Ben\u00edtez Crist\u00f3bal se\u00f1al\u00f3 que la violencia de g\u00e9nero contra las mujeres es un asunto de derechos humanos que&nbsp;tiene repercusiones que afectan a toda la sociedad;&nbsp;en este sentido, el Estado&nbsp;es&nbsp;el principal responsable de brindar protecci\u00f3n a las mujeres, pues no se trata de&nbsp;situaciones&nbsp;aisladas,&nbsp;sino que trascienden en diferentes \u00e1mbitos.&nbsp;<\/p>\n\n\n\n<p>Por su parte,&nbsp;la defensora adjunta de la&nbsp;DDHPO,&nbsp;dio a conocer que la desaparici\u00f3n forzada de personas se ha convertido en un problema mundial donde se&nbsp;viola toda una gama de derechos humanos.&nbsp;En este sentido, resalt\u00f3 que&nbsp;juezas y jueces&nbsp;deben&nbsp;garantizar&nbsp;los derechos a la identidad y personalidad jur\u00eddica de la v\u00edctima,&nbsp;as\u00ed como el otorgar las medidas necesarias para la protecci\u00f3n a&nbsp;los&nbsp;familiares.<\/p>\n\n\n\n<p>El&nbsp;nuevo C\u00f3digo Nacional de Procedimientos Civiles y Familiares,&nbsp;consta de mil 191 art\u00edculos divididos en 10 libros. Los poderes judiciales del pa\u00eds tendr\u00e1n hasta el 2027 para adoptar las modificaciones necesarias que permitan la entrada en vigor de esta legislaci\u00f3n.<\/p>\n","protected":false},"excerpt":{"rendered":"<p>Redacci\u00f3n\/Zona Roja. Oaxaca de Ju\u00e1rez, Oax., a 3 de agosto de 2023.- Como parte de&hellip;<\/p>\n","protected":false},"author":2,"featured_media":58325,"comment_status":"closed","ping_status":"open","sticky":false,"template":"","format":"standard","meta":{"_lmt_disableupdate":"","_lmt_disable":"","_jetpack_memberships_contains_paid_content":false,"footnotes":""},"categories":[109,46],"tags":[223],"class_list":["post-58324","post","type-post","status-publish","format-standard","has-post-thumbnail","hentry","category-minuto-a-minuto","category-zona-blanca","tag-poder-judicial-de-oaxaca"],"jetpack_featured_media_url":"https:\/\/zonaroja.com.mx\/wp-content\/uploads\/2023\/08\/Elizabeth-Benitez-Cristobal-experta-en-proteccion-y-defensa-de-los-derechos-humanos.jpg","jetpack_sharing_enabled":true,"_links":{"self":[{"href":"https:\/\/zonaroja.com.mx\/index.php?rest_route=\/wp\/v2\/posts\/58324","targetHints":{"allow":["GET"]}}],"collection":[{"href":"https:\/\/zonaroja.com.mx\/index.php?rest_route=\/wp\/v2\/posts"}],"about":[{"href":"https:\/\/zonaroja.com.mx\/index.php?rest_route=\/wp\/v2\/types\/post"}],"author":[{"embeddable":true,"href":"https:\/\/zonaroja.com.mx\/index.php?rest_route=\/wp\/v2\/users\/2"}],"replies":[{"embeddable":true,"href":"https:\/\/zonaroja.com.mx\/index.php?rest_route=%2Fwp%2Fv2%2Fcomments&post=58324"}],"version-history":[{"count":1,"href":"https:\/\/zonaroja.com.mx\/index.php?rest_route=\/wp\/v2\/posts\/58324\/revisions"}],"predecessor-version":[{"id":58326,"href":"https:\/\/zonaroja.com.mx\/index.php?rest_route=\/wp\/v2\/posts\/58324\/revisions\/58326"}],"wp:featuredmedia":[{"embeddable":true,"href":"https:\/\/zonaroja.com.mx\/index.php?rest_route=\/wp\/v2\/media\/58325"}],"wp:attachment":[{"href":"https:\/\/zonaroja.com.mx\/index.php?rest_route=%2Fwp%2Fv2%2Fmedia&parent=58324"}],"wp:term":[{"taxonomy":"category","embeddable":true,"href":"https:\/\/zonaroja.com.mx\/index.php?rest_route=%2Fwp%2Fv2%2Fcategories&post=58324"},{"taxonomy":"post_tag","embeddable":true,"href":"https:\/\/zonaroja.com.mx\/index.php?rest_route=%2Fwp%2Fv2%2Ftags&post=58324"}],"curies":[{"name":"wp","href":"https:\/\/api.w.org\/{rel}","templated":true}]}}