{"id":58330,"date":"2023-08-03T16:29:00","date_gmt":"2023-08-03T21:29:00","guid":{"rendered":"http:\/\/www.zonaroja.com.mx\/?p=58330"},"modified":"2023-08-03T08:32:54","modified_gmt":"2023-08-03T13:32:54","slug":"cuantos-politicos-mexicanos-han-muerto-en-campana-que-no-es-campana","status":"publish","type":"post","link":"https:\/\/zonaroja.com.mx\/?p=58330","title":{"rendered":"\u00bfCu\u00e1ntos pol\u00edticos mexicanos han muerto en campa\u00f1a que no es campa\u00f1a?"},"content":{"rendered":"\n<p>Redacci\u00f3n\/Zona Roja Cdmx.<\/p>\n\n\n\n<p>Ciudad de M\u00e9xico, a 3 de agosto de 2023.- Luego de las elecciones en el Estado de M\u00e9xico y Coahuila, los diferentes grupos pol\u00edticos en M\u00e9xico comenzaron a organizarse para tener un m\u00e9todo y elegir a su candidato presidencial para el 2024.<\/p>\n\n\n\n<p>Los morenistas fueron los primeros en presentar un proceso y una serie de giras, donde las \u201ccorcholatas\u201d recorren el pa\u00eds. M\u00e1s tarde, la oposici\u00f3n hizo lo propio.&nbsp;<\/p>\n\n\n\n<p>El Instituto Nacional Electoral (INE) dio a conocer una serie de medidas que los pol\u00edticos deben seguir para que sus acciones no sean interpretadas como precampa\u00f1a.<\/p>\n\n\n\n<p>Bajo un ambiente de clara confrontaci\u00f3n pol\u00edtica, aunque apenas est\u00e1n \u2018calentando motores\u2019 para las elecciones 2024, en varios estados del pa\u00eds han sido asesinados militantes o simpatizantes de Morena o la oposici\u00f3n.<\/p>\n\n\n\n<p>La noche del lunes 31 de julio se registr\u00f3 el m\u00e1s reciente asesinato, apenas con un d\u00eda de deferencia de una balacera en una autopista, donde un empresario que apoyaba a Marcelo Ebrard fue balaceado.<\/p>\n\n\n\n<p>RICARDO FLORES<\/p>\n\n\n\n<p>Ricardo Flores era un panista, director jur\u00eddico del Congreso de Nuevo Le\u00f3n. El ataque ocurri\u00f3 minutos antes de la media noche, cuando el hombre de 45 a\u00f1os se encontraba en unas canchas de f\u00fatbol ubicadas en las avenidas R\u00f3mulo Garza y Juan Pablo II, donde se efectuaba un partido amateur.<\/p>\n\n\n\n<p>De acuerdo con testigos, los pistoleros irrumpieron en el club deportivo Liga Master para abrir fuego en m\u00e1s de diez ocasiones contra el funcionario del Congreso estatal.<\/p>\n\n\n\n<p>Flores Su\u00e1rez era abogado, militante del PAN y fue diputado federal en dos ocasiones.<\/p>\n\n\n\n<p>JOS\u00c9 GUADALUPE FUENTES<\/p>\n\n\n\n<p>El empresario Jos\u00e9 Guadalupe Fuentes Brito y Jos\u00e9 Manuel Fuentes Calvo, de 20 a\u00f1os, fueron asesinados sobre la Autopista del Sol, en el tramo Chilpancingo-Cuernavaca.<\/p>\n\n\n\n<p>En el servicio de emergencias se recibi\u00f3 el reporte este domingo 30 de julio, y se dio la ubicaci\u00f3n del punto conocido como el retorno de San Judas Tadeo, donde se encontraban tirados los cad\u00e1veres de dos hombres.<\/p>\n\n\n\n<p>Jos\u00e9 Guadalupe Fuentes era primo de Rub\u00e9n Fuentes, pareja de la Gobernadora Evelyn Salgado. El empresario tambi\u00e9n era promotor de Marcelo Ebrard en Guerrero desde 2022.<\/p>\n\n\n\n<p>El excanciller comparti\u00f3 sus condolencias en redes sociales y exigi\u00f3 a la Fiscal\u00eda intervenir de inmediato para dar con los responsables.<\/p>\n\n\n\n<p>ZAYMA ZORAYA<\/p>\n\n\n\n<p>Zayma Zoraya Zamora Garc\u00eda fue asesinada por un grupo armado este martes 25 de julio, luego de que le dispararon varias veces, cuando estaba por ingresar a su vivienda.<\/p>\n\n\n\n<p>Este grupo despu\u00e9s se dio a la fuga en una camioneta sin que hubiera personas detenidas; raz\u00f3n por la cual la Secretar\u00eda de Seguridad P\u00fablica activ\u00f3 el C\u00f3digo Rojo para dar con las personas responsables.<\/p>\n\n\n\n<p>En 2021 intento ser candidata a la presidencia municipal de Poza Rica por Morena, pero cuando le fue negado, se convirti\u00f3 en la abanderada por el partido estatal Unidad Ciudadana.<\/p>\n\n\n\n<p>Durante los \u00faltimos meses hab\u00eda estado cercana a Morena y le coordin\u00f3 el evento para la asamblea informativa que Ad\u00e1n Augusto L\u00f3pez llev\u00f3 a cabo en dicha ciudad, situaci\u00f3n de la que qued\u00f3 registro en sus redes sociales.<\/p>\n\n\n\n<p>PAOLA QUEVEDO<\/p>\n\n\n\n<p>Quevedo fue candidata a diputada local de Morena. Fue asesinada en junio, en el fraccionamiento Valle de Celaya, Guanajuato.<\/p>\n\n\n\n<p>La morenista fue balaceada afuera de una tienda de ropa que era de su propiedad. Tambi\u00e9n fue secretaria de Arte y Cultura del Comit\u00e9 estatal de Morena.<\/p>\n\n\n\n<p>(Informaci\u00f3n de \u201cEl Financiero\u201d)<\/p>\n","protected":false},"excerpt":{"rendered":"<p>Redacci\u00f3n\/Zona Roja Cdmx. Ciudad de M\u00e9xico, a 3 de agosto de 2023.- Luego de las&hellip;<\/p>\n","protected":false},"author":2,"featured_media":58331,"comment_status":"closed","ping_status":"open","sticky":false,"template":"","format":"standard","meta":{"_lmt_disableupdate":"","_lmt_disable":"","_jetpack_memberships_contains_paid_content":false,"footnotes":""},"categories":[109,47],"tags":[],"class_list":["post-58330","post","type-post","status-publish","format-standard","has-post-thumbnail","hentry","category-minuto-a-minuto","category-zona-gris"],"jetpack_featured_media_url":"https:\/\/zonaroja.com.mx\/wp-content\/uploads\/2023\/08\/Asesinatos-escena-crimen-violencia-homicidio.jpeg","jetpack_sharing_enabled":true,"_links":{"self":[{"href":"https:\/\/zonaroja.com.mx\/index.php?rest_route=\/wp\/v2\/posts\/58330","targetHints":{"allow":["GET"]}}],"collection":[{"href":"https:\/\/zonaroja.com.mx\/index.php?rest_route=\/wp\/v2\/posts"}],"about":[{"href":"https:\/\/zonaroja.com.mx\/index.php?rest_route=\/wp\/v2\/types\/post"}],"author":[{"embeddable":true,"href":"https:\/\/zonaroja.com.mx\/index.php?rest_route=\/wp\/v2\/users\/2"}],"replies":[{"embeddable":true,"href":"https:\/\/zonaroja.com.mx\/index.php?rest_route=%2Fwp%2Fv2%2Fcomments&post=58330"}],"version-history":[{"count":1,"href":"https:\/\/zonaroja.com.mx\/index.php?rest_route=\/wp\/v2\/posts\/58330\/revisions"}],"predecessor-version":[{"id":58332,"href":"https:\/\/zonaroja.com.mx\/index.php?rest_route=\/wp\/v2\/posts\/58330\/revisions\/58332"}],"wp:featuredmedia":[{"embeddable":true,"href":"https:\/\/zonaroja.com.mx\/index.php?rest_route=\/wp\/v2\/media\/58331"}],"wp:attachment":[{"href":"https:\/\/zonaroja.com.mx\/index.php?rest_route=%2Fwp%2Fv2%2Fmedia&parent=58330"}],"wp:term":[{"taxonomy":"category","embeddable":true,"href":"https:\/\/zonaroja.com.mx\/index.php?rest_route=%2Fwp%2Fv2%2Fcategories&post=58330"},{"taxonomy":"post_tag","embeddable":true,"href":"https:\/\/zonaroja.com.mx\/index.php?rest_route=%2Fwp%2Fv2%2Ftags&post=58330"}],"curies":[{"name":"wp","href":"https:\/\/api.w.org\/{rel}","templated":true}]}}