{"id":5834,"date":"2019-11-17T18:07:05","date_gmt":"2019-11-18T00:07:05","guid":{"rendered":"http:\/\/www.zonaroja.com.mx\/?p=5834"},"modified":"2019-11-17T18:07:08","modified_gmt":"2019-11-18T00:07:08","slug":"crece-cifra-de-ataques-contra-latinos-en-eu-fueron-671-victimas-en-2018","status":"publish","type":"post","link":"https:\/\/zonaroja.com.mx\/?p=5834","title":{"rendered":"Crece cifra de ataques contra latinos en EU; fueron 671 v\u00edctimas en 2018"},"content":{"rendered":"\n<p>Redacci\u00f3n\/Zona Roja Cdmx.<\/p>\n\n\n\n<p>Ciudad de M\u00e9xico, 17 de noviembre de\n2019.- Si bien los cr\u00edmenes de odio en Estados Unidos registraron una ligera\ndisminuci\u00f3n en 2018, los ataques en contra de hispanos y latinos tuvieron un\ncomportamiento distinto al aumentar en t\u00e9rminos num\u00e9ricos por quinto a\u00f1o\nconsecutivo, de acuerdo con estad\u00edsticas de la Oficina Federal de\nInvestigaciones (FBI, por sus siglas en ingl\u00e9s).<\/p>\n\n\n\n<p>Seg\u00fan public\u00f3 hoy el diario \u201cLa Jornada\u201d,\ndatos del informe de Estad\u00edsticas de Cr\u00edmenes de Odio, muestran que hubo 671\nv\u00edctimas de incidentes motivados por prejuicios antihispanos o antilatinos,\nmientras en 2017 la cifra fue de 527 y en 2016 fue de 483.<\/p>\n\n\n\n<p>En 2015, el n\u00famero de v\u00edctimas \u2013t\u00e9rmino\nque se refiere a personas, negocios o sociedad en su conjunto\u2013 fue de 392. Un\na\u00f1o antes, en 2014, se registraron 389 afectados por incidentes con\nmotivaciones en contra de latinos o hispanos, mientras que en 2013 el n\u00famero\nfue de 432.<\/p>\n\n\n\n<p>\u201cLa Jornada\u201d agreg\u00f3 que la agencia\nestadunidense precis\u00f3 que los datos de 2018 fueron presentados por 16 mil 39\nagencias de aplicaci\u00f3n de la ley, las cuales brindaron informaci\u00f3n sobre los\ndelitos, las v\u00edctimas, los delincuentes y la ubicaci\u00f3n de los cr\u00edmenes de odio.<\/p>\n\n\n\n<p>Los organismos encargados de hacer\ncumplir la ley informaron a la FBI de 7 mil 120 delitos de este tipo\nrelacionados con prejuicios contra la raza, etnia, ascendencia, religi\u00f3n,\norientaci\u00f3n sexual, discapacidad, g\u00e9nero e identidad de g\u00e9nero. Este n\u00famero\nrepresenta un poco menos de los 7 mil 15 incidentes reportados en 2017.<\/p>\n\n\n\n<p>Seg\u00fan los datos ofrecidos, 7 mil 36\nincidentes tuvieron un sesgo \u00fanico de los cuales hubieron 8 mil 646 v\u00edctimas.\nEn tanto, 84 incidentes se motivaron por dos o m\u00e1s aspectos de discriminaci\u00f3n.<\/p>\n\n\n\n<p>Al analizar la distribuci\u00f3n porcentual\npor sesgo se muestra que 59. 6 por ciento de estas v\u00edctimas fueron atacadas por\ndelincuentes motivados por cuestiones de raza, origen \u00e9tnico o ascendencia;\n16.7 por ciento lo fueron por prejuicios de orientaci\u00f3n sexual; 2.1 por ciento\npor discapacidad y 0.7 debido a cuestiones de g\u00e9nero.<\/p>\n\n\n\n<p>El informe anual se public\u00f3 en momentos\nen que el Estado mexicano ha expuesto su posicionamiento contra la\nproliferaci\u00f3n del discurso de odio a escala mundial. Esto estigmatiza y\ndeshumaniza a grupos de comunidades basados en su raza, religi\u00f3n, lengua o\nestatus migratorio o pa\u00eds de origen, expres\u00f3 recientemente, por ejemplo, la\nMisi\u00f3n Permanente de M\u00e9xico ante la Organizaci\u00f3n de las Naciones Unidas (ONU).<\/p>\n\n\n\n<p>Para M\u00e9xico este lenguaje de odio\nalimenta la xenofobia, lo cual puede conducir a incitar a perpetradores\npotenciales que puedan llevar a cabo ataques violentos en contra de minor\u00edas.<\/p>\n\n\n\n<p>Los ataques como el ocurrido en marzo\ncontra una iglesia de la comunidad musulmana o contra jud\u00edos en 2018 y m\u00e1s\nrecientemente contra hispanos en El Paso, Texas, ha seguido esta peligrosa\nsentencia, seg\u00fan la misi\u00f3n mexicana ante el organismo multilateral.<\/p>\n","protected":false},"excerpt":{"rendered":"<p>Redacci\u00f3n\/Zona Roja Cdmx. Ciudad de M\u00e9xico, 17 de noviembre de 2019.- Si bien los cr\u00edmenes&hellip;<\/p>\n","protected":false},"author":2,"featured_media":5835,"comment_status":"closed","ping_status":"open","sticky":false,"template":"","format":"standard","meta":{"_lmt_disableupdate":"","_lmt_disable":"","_jetpack_memberships_contains_paid_content":false,"footnotes":""},"categories":[109,47],"tags":[1022],"class_list":["post-5834","post","type-post","status-publish","format-standard","has-post-thumbnail","hentry","category-minuto-a-minuto","category-zona-gris","tag-estados-unidos-de-nortamerica"],"jetpack_featured_media_url":"https:\/\/zonaroja.com.mx\/wp-content\/uploads\/2019\/11\/racismo.jpg","jetpack_sharing_enabled":true,"_links":{"self":[{"href":"https:\/\/zonaroja.com.mx\/index.php?rest_route=\/wp\/v2\/posts\/5834","targetHints":{"allow":["GET"]}}],"collection":[{"href":"https:\/\/zonaroja.com.mx\/index.php?rest_route=\/wp\/v2\/posts"}],"about":[{"href":"https:\/\/zonaroja.com.mx\/index.php?rest_route=\/wp\/v2\/types\/post"}],"author":[{"embeddable":true,"href":"https:\/\/zonaroja.com.mx\/index.php?rest_route=\/wp\/v2\/users\/2"}],"replies":[{"embeddable":true,"href":"https:\/\/zonaroja.com.mx\/index.php?rest_route=%2Fwp%2Fv2%2Fcomments&post=5834"}],"version-history":[{"count":1,"href":"https:\/\/zonaroja.com.mx\/index.php?rest_route=\/wp\/v2\/posts\/5834\/revisions"}],"predecessor-version":[{"id":5836,"href":"https:\/\/zonaroja.com.mx\/index.php?rest_route=\/wp\/v2\/posts\/5834\/revisions\/5836"}],"wp:featuredmedia":[{"embeddable":true,"href":"https:\/\/zonaroja.com.mx\/index.php?rest_route=\/wp\/v2\/media\/5835"}],"wp:attachment":[{"href":"https:\/\/zonaroja.com.mx\/index.php?rest_route=%2Fwp%2Fv2%2Fmedia&parent=5834"}],"wp:term":[{"taxonomy":"category","embeddable":true,"href":"https:\/\/zonaroja.com.mx\/index.php?rest_route=%2Fwp%2Fv2%2Fcategories&post=5834"},{"taxonomy":"post_tag","embeddable":true,"href":"https:\/\/zonaroja.com.mx\/index.php?rest_route=%2Fwp%2Fv2%2Ftags&post=5834"}],"curies":[{"name":"wp","href":"https:\/\/api.w.org\/{rel}","templated":true}]}}