{"id":58340,"date":"2023-08-03T19:48:54","date_gmt":"2023-08-04T00:48:54","guid":{"rendered":"http:\/\/www.zonaroja.com.mx\/?p=58340"},"modified":"2023-08-03T19:48:56","modified_gmt":"2023-08-04T00:48:56","slug":"denuncian-omision-y-desamparo-de-mujeres-frente-a-violencia-va-en-aumento-victimas","status":"publish","type":"post","link":"https:\/\/zonaroja.com.mx\/?p=58340","title":{"rendered":"Denuncian omisi\u00f3n y desamparo de mujeres frente a violencia; va en aumento: v\u00edctimas"},"content":{"rendered":"\n<p>Yuridiana Sosa\/Zona Roja.<\/p>\n\n\n\n<p>Oaxaca de Ju\u00e1rez, Oax., a 3 de agosto de 2023.- Integrantes del colectivo Violencia Vicaria, cap\u00edtulo Oaxaca, y la organizaci\u00f3n civil \u201cLilas\u201d denunciaron el abandono institucional de la Secretar\u00eda de la Mujer pese al aumento de casos de madres que sufren el alejamiento obligado a sus hijos, lo cual agrava sus situaciones legales y psicol\u00f3gicas.<\/p>\n\n\n\n<p>La dependencia estatal que encabeza Elisa Zepeda Lagunas retir\u00f3 en enero el Programa de Apoyo a las Instancias de Mujeres en las Entidades Federativas (Paimef) que daba acompa\u00f1amiento a las v\u00edctimas, por lo que en conferencia de prensa demandaron la intervenci\u00f3n de la titular de la Comisi\u00f3n Nacional para Prevenir y Erradicar la Violencia Contra las Mujeres (Conavim), Mar\u00eda Fabiola Alan\u00eds S\u00e1mano.<\/p>\n\n\n\n<p>Frente a la explanada de Santo Domingo de Guzm\u00e1n, defensoras y v\u00edctimas de violencia vicaria apuntaron que la Secretar\u00eda de la Mujer excusa que se cambiaron los procesos de atenci\u00f3n, pero tampoco explica ni ofrece alternativas para que las madres puedan ser atendidas.<\/p>\n\n\n\n<p>Pero esta desatenci\u00f3n sigue generando que las mujeres sigan perdiendo a sus hijas e hijos al no contar con recursos econ\u00f3micos ni una red de apoyo que las ayude a enfrentar legalmente la violencia que sufren previo a la separaci\u00f3n de sus v\u00e1stagos.<\/p>\n\n\n\n<p>La representante del Frente Nacional contra la Violencia Vicaria, en Oaxaca, Iliana Acevedo Brena, se\u00f1al\u00f3 que al momento, conocen de al menos nueve madres que quedaron en el desamparo legal, asesor\u00eda y acompa\u00f1amiento psicol\u00f3gico para enfrentar los procesos del alejamiento obligado de sus hijas e hijos por parte del padre de los menores.<\/p>\n\n\n\n<p>Ahora las v\u00edctimas en Oaxaca no cuentan ni con el apoyo de la Secretar\u00eda de las Mujeres, ni de parte del Centro de Justicia para las Mujeres de Oaxaca, de la Fiscal\u00eda General del Estado, lo cual refleja la gravedad del problema.<\/p>\n\n\n\n<p>Acevedo Brena apunt\u00f3 que en su caso, la autoridad s\u00f3lo le recomend\u00f3 llevar a cabo su proceso en el entidad a la que fue llevada su hija<\/p>\n\n\n\n<p>Todo ello pese a que en febrero de este a\u00f1o el Congreso de Oaxaca reform\u00f3 la Ley Estatal de Acceso de las Mujeres a una Vida Libre de Violencia para reconocer y sancionar la violencia vicaria.<\/p>\n\n\n\n<figure class=\"wp-block-embed is-type-rich is-provider-twitter wp-block-embed-twitter\"><div class=\"wp-block-embed__wrapper\">\n<div class=\"twitter-tweet\"><blockquote class=\"twitter-tweet\" data-lang=\"es\"><p lang=\"es\" dir=\"ltr\"><a href=\"https:\/\/twitter.com\/hashtag\/%C3%9AltimoMinuto?src=hash&amp;ref_src=twsrc%5Etfw\">#\u00daltimoMinuto<\/a><br>Integrantes del colectivo Violencia Vicaria, cap\u00edtulo Oaxaca, y el colectivo \u201cLilas\u201d denuncian que pese a los crecientes casos de este tipo, la <a href=\"https:\/\/twitter.com\/SM_GobOax?ref_src=twsrc%5Etfw\">@SM_GobOax<\/a> que encabeza <a href=\"https:\/\/twitter.com\/Elisa_ZepedaOax?ref_src=twsrc%5Etfw\">@Elisa_ZepedaOax<\/a> ha sido omisa para atender la problem\u00e1tica. <a href=\"https:\/\/t.co\/DHfPHyNfiE\">pic.twitter.com\/DHfPHyNfiE<\/a><\/p>&mdash; Zona Roja Oaxaca (@ZonaRoja_Oaxaca) <a href=\"https:\/\/twitter.com\/ZonaRoja_Oaxaca\/status\/1687137833713364992?ref_src=twsrc%5Etfw\">3 de agosto de 2023<\/a><\/blockquote><\/div>\n<\/div><\/figure>\n","protected":false},"excerpt":{"rendered":"<p>Yuridiana Sosa\/Zona Roja. Oaxaca de Ju\u00e1rez, Oax., a 3 de agosto de 2023.- Integrantes del&hellip;<\/p>\n","protected":false},"author":2,"featured_media":58337,"comment_status":"closed","ping_status":"open","sticky":false,"template":"","format":"standard","meta":{"_lmt_disableupdate":"","_lmt_disable":"","_jetpack_memberships_contains_paid_content":false,"footnotes":""},"categories":[109,47],"tags":[],"class_list":["post-58340","post","type-post","status-publish","format-standard","has-post-thumbnail","hentry","category-minuto-a-minuto","category-zona-gris"],"jetpack_featured_media_url":"https:\/\/zonaroja.com.mx\/wp-content\/uploads\/2023\/08\/Conferencia-Violencia-Vicaria-y-Linas.jpg","jetpack_sharing_enabled":true,"_links":{"self":[{"href":"https:\/\/zonaroja.com.mx\/index.php?rest_route=\/wp\/v2\/posts\/58340","targetHints":{"allow":["GET"]}}],"collection":[{"href":"https:\/\/zonaroja.com.mx\/index.php?rest_route=\/wp\/v2\/posts"}],"about":[{"href":"https:\/\/zonaroja.com.mx\/index.php?rest_route=\/wp\/v2\/types\/post"}],"author":[{"embeddable":true,"href":"https:\/\/zonaroja.com.mx\/index.php?rest_route=\/wp\/v2\/users\/2"}],"replies":[{"embeddable":true,"href":"https:\/\/zonaroja.com.mx\/index.php?rest_route=%2Fwp%2Fv2%2Fcomments&post=58340"}],"version-history":[{"count":1,"href":"https:\/\/zonaroja.com.mx\/index.php?rest_route=\/wp\/v2\/posts\/58340\/revisions"}],"predecessor-version":[{"id":58341,"href":"https:\/\/zonaroja.com.mx\/index.php?rest_route=\/wp\/v2\/posts\/58340\/revisions\/58341"}],"wp:featuredmedia":[{"embeddable":true,"href":"https:\/\/zonaroja.com.mx\/index.php?rest_route=\/wp\/v2\/media\/58337"}],"wp:attachment":[{"href":"https:\/\/zonaroja.com.mx\/index.php?rest_route=%2Fwp%2Fv2%2Fmedia&parent=58340"}],"wp:term":[{"taxonomy":"category","embeddable":true,"href":"https:\/\/zonaroja.com.mx\/index.php?rest_route=%2Fwp%2Fv2%2Fcategories&post=58340"},{"taxonomy":"post_tag","embeddable":true,"href":"https:\/\/zonaroja.com.mx\/index.php?rest_route=%2Fwp%2Fv2%2Ftags&post=58340"}],"curies":[{"name":"wp","href":"https:\/\/api.w.org\/{rel}","templated":true}]}}