{"id":58345,"date":"2023-08-03T21:19:14","date_gmt":"2023-08-04T02:19:14","guid":{"rendered":"http:\/\/www.zonaroja.com.mx\/?p=58345"},"modified":"2023-08-03T21:19:18","modified_gmt":"2023-08-04T02:19:18","slug":"son-tres-mujeres-triquis-heridas-y-una-asesinada-inicia-fiscalia-indagatorias","status":"publish","type":"post","link":"https:\/\/zonaroja.com.mx\/?p=58345","title":{"rendered":"Son tres mujeres Triquis heridas y una asesinada; inicia Fiscal\u00eda indagatorias"},"content":{"rendered":"\n<p>Ismael Garc\u00eda M.\/Zona Roja.<\/p>\n\n\n\n<p>Oaxaca de Ju\u00e1rez, Oax., a 3 de agosto de 202.- El Movimiento de Unificaci\u00f3n y Lucha Triqui Independiente (MULTI) confirm\u00f3 que son tres mujeres herida de bala y una m\u00e1s lesionada, en la emboscada ocurrida hoy en la carretera Juxtlahuaca-Putla.<\/p>\n\n\n\n<p>Los hechos ocurrieron a las 14:30 horas, a la altura de la desviaci\u00f3n a la comunidad de Yerba Santa Copala y la v\u00edctima fatal respondi\u00f3 en vida al nombre de Magdalena Mart\u00ednez de Jes\u00fas.<\/p>\n\n\n\n<p>Mientras que Josefina Gonz\u00e1lez, Norma Mart\u00ednez y Amada Bautista resultaron con heridas de arma de fuego; esta ultima es madre Bellatriz Alejandro, integrante de la representaci\u00f3n de las familias desplazadas de Tierra Blanca Copala.<\/p>\n\n\n\n<p>Presuntamente los atacante viajaban en un veh\u00edculo de alquiler del sitio \u201cNaci\u00f3n Triqui\u201d, del MULT, cuando emboscaron a los ocupantes de una camioneta color rojo, marca Nissan, inform\u00f3 el MULTI en un comunicado, en que culp\u00f3 a su organizaci\u00f3n rival.<\/p>\n\n\n\n<figure class=\"wp-block-embed is-type-rich is-provider-twitter wp-block-embed-twitter\"><div class=\"wp-block-embed__wrapper\">\n<div class=\"twitter-tweet\"><blockquote class=\"twitter-tweet\" data-lang=\"es\"><p lang=\"es\" dir=\"ltr\">Identifica el <a href=\"https:\/\/twitter.com\/MULTI_Oficial1?ref_src=twsrc%5Etfw\">@MULTI_Oficial1<\/a> a las v\u00edctimas de la emboscada:<br>En el sitio muri\u00f3 Magdalena Mart\u00ednez de Jes\u00fas, mientras que Josefina Gonz\u00e1lez, Norma Mart\u00ednez y Amada Bautista resultaron con heridas de arma de fuego; esta ultima es madre Bellatriz Alejandro, integrante de la\u2026 <a href=\"https:\/\/t.co\/GFR11W7j63\">https:\/\/t.co\/GFR11W7j63<\/a><\/p>&mdash; Zona Roja Oaxaca (@ZonaRoja_Oaxaca) <a href=\"https:\/\/twitter.com\/ZonaRoja_Oaxaca\/status\/1687273087673229313?ref_src=twsrc%5Etfw\">4 de agosto de 2023<\/a><\/blockquote><\/div>\n<\/div><\/figure>\n\n\n\n<p>\u201cEste evento ocurre en el marco de las actividades de denuncia realizadas al t\u00e9rmino de los 60 d\u00edas que el Gobierno del Estado hab\u00eda planteado para el retorno seguro de las familias desplazadas de Tierra Blanca Copala\u201d, precis\u00f3 en su bolet\u00edn.<\/p>\n\n\n\n<p>INICIAN INVESTIGACIONES<\/p>\n\n\n\n<p>Por su parte, la Fiscal\u00eda General del Estado de Oaxaca dio a conocer que inici\u00f3 una carpeta de investigaci\u00f3n por los hechos de violencia registrados en la zona Triqui de Oaxaca.&nbsp;<\/p>\n\n\n\n<p>\u201cDerivado de dicho ataque, se registr\u00f3 el fallecimiento de una mujer en el lugar de los hechos, quien se trasladaba en la unidad de motor, as\u00ed como personas heridas, por lo que un equipo multidisciplinario de la Vicefiscal\u00eda Regional de la Mixteca se traslad\u00f3 a la zona a efectuar las diligencias correspondientes.<\/p>\n\n\n\n<p>\u201cLa Fiscal\u00eda de Oaxaca refrenda su compromiso de realizar las investigaciones t\u00e9cnicas y cient\u00edficas para dar con las personas responsables de estos hechos, garantizando el acceso a la procuraci\u00f3n de justicia de las v\u00edctimas directas e indirectas de estos delitos\u201d, detall\u00f3 en un comunicado.<\/p>\n\n\n\n<p>Por su parte, a trav\u00e9s de sus redes sociales, el gobernador Salom\u00f3n Jara Cruz conden\u00f3 los hechos y garantiz\u00f3 que habr\u00e1 esclarecimiento del hecho, para lo cual pidi\u00f3 a la Fiscal\u00eda realice las indagatorias; asimismo, indic\u00f3 que se continuar\u00e1 con el di\u00e1logo con la finalidad de pacificar la zona.<\/p>\n\n\n\n<figure class=\"wp-block-embed is-type-rich is-provider-twitter wp-block-embed-twitter\"><div class=\"wp-block-embed__wrapper\">\n<div class=\"twitter-tweet\"><blockquote class=\"twitter-tweet\" data-lang=\"es\"><p lang=\"es\" dir=\"ltr\">Tras la emboscada en la zona Triqui de Oaxaca, el gobernador <a href=\"https:\/\/twitter.com\/salomonj?ref_src=twsrc%5Etfw\">@salomonj<\/a> conden\u00f3 lo hechos.<br>Dio a conocer que pidi\u00f3 a la <a href=\"https:\/\/twitter.com\/FISCALIA_GobOax?ref_src=twsrc%5Etfw\">@FISCALIA_GobOax<\/a> su colaboraci\u00f3n para dar a la brevedad con los responsables. <br>Garantiz\u00f3 que continuar\u00e1 el proceso de paz en la regi\u00f3n. <a href=\"https:\/\/t.co\/5OEMfq1AKV\">pic.twitter.com\/5OEMfq1AKV<\/a><\/p>&mdash; Zona Roja Oaxaca (@ZonaRoja_Oaxaca) <a href=\"https:\/\/twitter.com\/ZonaRoja_Oaxaca\/status\/1687257438716596224?ref_src=twsrc%5Etfw\">4 de agosto de 2023<\/a><\/blockquote><\/div>\n<\/div><\/figure>\n\n\n\n<p><\/p>\n","protected":false},"excerpt":{"rendered":"<p>Ismael Garc\u00eda M.\/Zona Roja. Oaxaca de Ju\u00e1rez, Oax., a 3 de agosto de 202.- El&hellip;<\/p>\n","protected":false},"author":2,"featured_media":58339,"comment_status":"closed","ping_status":"open","sticky":false,"template":"","format":"standard","meta":{"_lmt_disableupdate":"","_lmt_disable":"","_jetpack_memberships_contains_paid_content":false,"footnotes":""},"categories":[109,51],"tags":[2411,1712],"class_list":["post-58345","post","type-post","status-publish","format-standard","has-post-thumbnail","hentry","category-minuto-a-minuto","category-zona-roja","tag-movimiento-de-unificacion-y-lucha-triqui-independiente-multi","tag-tierra-blanca-copala"],"jetpack_featured_media_url":"https:\/\/zonaroja.com.mx\/wp-content\/uploads\/2023\/08\/Emboscada-y-asesinato-triqui-Copala-MULTI.jpg","jetpack_sharing_enabled":true,"_links":{"self":[{"href":"https:\/\/zonaroja.com.mx\/index.php?rest_route=\/wp\/v2\/posts\/58345","targetHints":{"allow":["GET"]}}],"collection":[{"href":"https:\/\/zonaroja.com.mx\/index.php?rest_route=\/wp\/v2\/posts"}],"about":[{"href":"https:\/\/zonaroja.com.mx\/index.php?rest_route=\/wp\/v2\/types\/post"}],"author":[{"embeddable":true,"href":"https:\/\/zonaroja.com.mx\/index.php?rest_route=\/wp\/v2\/users\/2"}],"replies":[{"embeddable":true,"href":"https:\/\/zonaroja.com.mx\/index.php?rest_route=%2Fwp%2Fv2%2Fcomments&post=58345"}],"version-history":[{"count":1,"href":"https:\/\/zonaroja.com.mx\/index.php?rest_route=\/wp\/v2\/posts\/58345\/revisions"}],"predecessor-version":[{"id":58346,"href":"https:\/\/zonaroja.com.mx\/index.php?rest_route=\/wp\/v2\/posts\/58345\/revisions\/58346"}],"wp:featuredmedia":[{"embeddable":true,"href":"https:\/\/zonaroja.com.mx\/index.php?rest_route=\/wp\/v2\/media\/58339"}],"wp:attachment":[{"href":"https:\/\/zonaroja.com.mx\/index.php?rest_route=%2Fwp%2Fv2%2Fmedia&parent=58345"}],"wp:term":[{"taxonomy":"category","embeddable":true,"href":"https:\/\/zonaroja.com.mx\/index.php?rest_route=%2Fwp%2Fv2%2Fcategories&post=58345"},{"taxonomy":"post_tag","embeddable":true,"href":"https:\/\/zonaroja.com.mx\/index.php?rest_route=%2Fwp%2Fv2%2Ftags&post=58345"}],"curies":[{"name":"wp","href":"https:\/\/api.w.org\/{rel}","templated":true}]}}