{"id":58347,"date":"2023-08-03T21:35:35","date_gmt":"2023-08-04T02:35:35","guid":{"rendered":"http:\/\/www.zonaroja.com.mx\/?p=58347"},"modified":"2023-08-04T07:55:37","modified_gmt":"2023-08-04T12:55:37","slug":"proponen-en-congreso-colocar-nombre-tecnologico-nacional-de-mexico-tecnm","status":"publish","type":"post","link":"https:\/\/zonaroja.com.mx\/?p=58347","title":{"rendered":"Proponen en Congreso colocar nombre \u00abTecnol\u00f3gico Nacional de M\u00e9xico (TecNM)\u201d"},"content":{"rendered":"\n<p>Redacci\u00f3n\/Zona Roja.<\/p>\n\n\n\n<p>Oaxaca de Ju\u00e1rez, Oax., a 3 de agosto de 2023.- La Sexag\u00e9sima Quinta Legislatura del Estado de Oaxaca, a trav\u00e9s de las y los diputados Mar\u00eda Luisa Matus Fuentes, Liz Hern\u00e1ndez Matus, Noe Doroteo Castillejos y Horacio Sosa Villavicencio, hicieron la proposici\u00f3n protocolaria para que en el Congreso se instaure y escriba con letras de oro en el Sal\u00f3n de Sesiones, la frase \u00abTecnol\u00f3gico Nacional de M\u00e9xico (TecNM).\u00bb<\/p>\n\n\n\n<p>\u201cHay quienes tienen las posibilidades y se han ido hasta el extranjero a estudiar la educaci\u00f3n superior; sin embargo para el grueso de la poblaci\u00f3n de j\u00f3venes el Tecnol\u00f3gico Nacional de M\u00e9xico a trav\u00e9s de sus 13 campus, es la v\u00eda por la que se han podido formar con calidad\u201d, estableci\u00f3 en su intervenci\u00f3n en tribuna la legisladora Liz Hern\u00e1ndez.<\/p>\n\n\n\n<p>\u00abHablar del Tecnol\u00f3gico Nacional de M\u00e9xico es hablar de una instituci\u00f3n con nivel y cobertura, de hecho es la mayor en su rango en toda Am\u00e9rica &nbsp;Latina, y ese conocimiento se sustenta en una s\u00f3lida trayectoria acad\u00e9mica de 75 a\u00f1os\u201d, destac\u00f3.<\/p>\n\n\n\n<p>Licenciaturas y posgrados que han forjado a los profesionistas de ayer, hoy y ma\u00f1ana en Oaxaca, con una poblaci\u00f3n actual de alrededor de 23 mil estudiantes, mujeres y hombres formados en una noble y prestigiada instituci\u00f3n bajo los preceptos de ciencia, tecnolog\u00eda, innovaci\u00f3n y emprendimiento, mismos que suman al desarrollo de Oaxaca y del pa\u00eds, y con ello, mejoran la sociedad; estos fueron parte de los argumentos enumerados en la m\u00e1xima tribuna legislativa.<\/p>\n\n\n\n<p>Citaron incluso el convenio recientemente firmado entre el Tecnol\u00f3gico Nacional de M\u00e9xico y el Congreso de Oaxaca para que est\u00e1 instituci\u00f3n pueda sumar como fuerza acad\u00e9mica en los diferentes procesos de desarrollo en regiones, dada su capacidad para adecuar sus carreras a los grandes proyectos de la naci\u00f3n como es el caso del Tren Maya, el Corredor Interoce\u00e1nico, el Plan Sonora, el tren interurbano M\u00e9xico Toluca, entre otros.<\/p>\n\n\n\n<figure class=\"wp-block-embed is-type-rich is-provider-twitter wp-block-embed-twitter\"><div class=\"wp-block-embed__wrapper\">\n<div class=\"twitter-tweet\"><blockquote class=\"twitter-tweet\" data-lang=\"es\"><p lang=\"es\" dir=\"ltr\">En el seno del <a href=\"https:\/\/twitter.com\/CongresoOaxaca_?ref_src=twsrc%5Etfw\">@CongresoOaxaca_<\/a> se present\u00f3 ayer una iniciativa, por parte de varios legisladores, entre ellos Liz Matus, a fin de que se inscriba con letras de oro en el sal\u00f3n de sesiones la frase \u201cTecnol\u00f3gico Nacional de M\u00e9xico\u201d (<a href=\"https:\/\/twitter.com\/TecNM_MX?ref_src=twsrc%5Etfw\">@TecNM_MX<\/a>), a fin de reconocer la contribuci\u00f3n\u2026 <a href=\"https:\/\/t.co\/5II8mBFwOh\">pic.twitter.com\/5II8mBFwOh<\/a><\/p>&mdash; Zona Roja Oaxaca (@ZonaRoja_Oaxaca) <a href=\"https:\/\/twitter.com\/ZonaRoja_Oaxaca\/status\/1687119206926651392?ref_src=twsrc%5Etfw\">3 de agosto de 2023<\/a><\/blockquote><\/div>\n<\/div><\/figure>\n\n\n\n<p>Los Tecnol\u00f3gicos de M\u00e9xico, concluy\u00f3 la legisladora, han dado grandes aportes a trav\u00e9s de sus diversas carreras y siguen sumando, por lo que, solicitaron hacer \u00abun justo reconocimiento a la instituci\u00f3n en el marco de sus 75 a\u00f1os a trav\u00e9s de la colocaci\u00f3n del emblema de la instituci\u00f3n en letras de oro, en el recinto legislativo.<\/p>\n\n\n\n<p>CAPACITACI\u00d3N CONSTANTE<\/p>\n\n\n\n<p>Por otra parte,&nbsp;286 miembros de las diversas \u00e1reas de comunicaci\u00f3n de los planteles del Tecnol\u00f3gico Nacional de M\u00e9xico (TecNM) de todo el pa\u00eds, asistieron a partir de este mi\u00e9rcoles 2 de agosto, al inicio de la Reuni\u00f3n Nacional de Comunicaci\u00f3n 2023 del #TecNM.<\/p>\n\n\n\n<p>Este evento de capacitaci\u00f3n e intercambio de informaci\u00f3n e ideas, se lleva a cabo del 2 al 4 de agosto en oficinas centrales de la Instituci\u00f3n.<\/p>\n\n\n\n<p>El objetivo es retroalimentar al equipo TecNM para mantener a la instituci\u00f3n a la vanguardia, reiterando a la poblaci\u00f3n educativa su liderazgo y el inter\u00e9s por mantener vigentes y actualizados sus par\u00e1metros de excelencia acad\u00e9mica en todo el pa\u00eds, incluidos sus 13 campus en las diferentes regiones del Estado de Oaxaca.<\/p>\n","protected":false},"excerpt":{"rendered":"<p>Redacci\u00f3n\/Zona Roja. Oaxaca de Ju\u00e1rez, Oax., a 3 de agosto de 2023.- La Sexag\u00e9sima Quinta&hellip;<\/p>\n","protected":false},"author":2,"featured_media":58348,"comment_status":"closed","ping_status":"open","sticky":false,"template":"","format":"standard","meta":{"_lmt_disableupdate":"","_lmt_disable":"","_jetpack_memberships_contains_paid_content":false,"footnotes":""},"categories":[109,46],"tags":[3186],"class_list":["post-58347","post","type-post","status-publish","format-standard","has-post-thumbnail","hentry","category-minuto-a-minuto","category-zona-blanca","tag-tecnologico-nacional-de-mexico"],"jetpack_featured_media_url":"https:\/\/zonaroja.com.mx\/wp-content\/uploads\/2023\/08\/Tecnologico-de-Mexico-capacitacion.jpg","jetpack_sharing_enabled":true,"_links":{"self":[{"href":"https:\/\/zonaroja.com.mx\/index.php?rest_route=\/wp\/v2\/posts\/58347","targetHints":{"allow":["GET"]}}],"collection":[{"href":"https:\/\/zonaroja.com.mx\/index.php?rest_route=\/wp\/v2\/posts"}],"about":[{"href":"https:\/\/zonaroja.com.mx\/index.php?rest_route=\/wp\/v2\/types\/post"}],"author":[{"embeddable":true,"href":"https:\/\/zonaroja.com.mx\/index.php?rest_route=\/wp\/v2\/users\/2"}],"replies":[{"embeddable":true,"href":"https:\/\/zonaroja.com.mx\/index.php?rest_route=%2Fwp%2Fv2%2Fcomments&post=58347"}],"version-history":[{"count":1,"href":"https:\/\/zonaroja.com.mx\/index.php?rest_route=\/wp\/v2\/posts\/58347\/revisions"}],"predecessor-version":[{"id":58349,"href":"https:\/\/zonaroja.com.mx\/index.php?rest_route=\/wp\/v2\/posts\/58347\/revisions\/58349"}],"wp:featuredmedia":[{"embeddable":true,"href":"https:\/\/zonaroja.com.mx\/index.php?rest_route=\/wp\/v2\/media\/58348"}],"wp:attachment":[{"href":"https:\/\/zonaroja.com.mx\/index.php?rest_route=%2Fwp%2Fv2%2Fmedia&parent=58347"}],"wp:term":[{"taxonomy":"category","embeddable":true,"href":"https:\/\/zonaroja.com.mx\/index.php?rest_route=%2Fwp%2Fv2%2Fcategories&post=58347"},{"taxonomy":"post_tag","embeddable":true,"href":"https:\/\/zonaroja.com.mx\/index.php?rest_route=%2Fwp%2Fv2%2Ftags&post=58347"}],"curies":[{"name":"wp","href":"https:\/\/api.w.org\/{rel}","templated":true}]}}