{"id":58350,"date":"2023-08-04T07:52:48","date_gmt":"2023-08-04T12:52:48","guid":{"rendered":"http:\/\/www.zonaroja.com.mx\/?p=58350"},"modified":"2023-08-04T07:52:52","modified_gmt":"2023-08-04T12:52:52","slug":"de-jalisco-el-hombre-asaltado-golpeado-y-tirado-por-monte-alban","status":"publish","type":"post","link":"https:\/\/zonaroja.com.mx\/?p=58350","title":{"rendered":"De Jalisco, el hombre asaltado, golpeado y tirado por Monte Alb\u00e1n"},"content":{"rendered":"\n<p>Redacci\u00f3n\/Zona Roja.<\/p>\n\n\n\n<p>Oaxaca de Ju\u00e1rez, Oax., a 4 de agosto de 2024.- Como Ricardo G. M., originario de Tequila, Jalisco y de 33 a\u00f1os de edad, fue identificada la v\u00edctima de asalto, quien fue hallado semidesnudo ayer por la ma\u00f1ana en inmediaciones a la carretera de Monte Alb\u00e1n, jurisdicci\u00f3n de San Pedro Ixtlahuaca, cerca de la capital oaxaque\u00f1a.<\/p>\n\n\n\n<p>De acuerdo con la versi\u00f3n que dio a los polic\u00edas, la noche del mi\u00e9rcoles acudi\u00f3 a retirar dinero a un cajero autom\u00e1tico de Plaza Bella, en la colindancia de Oaxaca de Ju\u00e1rez con Santa Mar\u00eda Atzompa.<\/p>\n\n\n\n<p>Sin embargo, al salir, fue interceptado por sujetos armados, que lo subieron a una unidad de motor; le quitaron el dinero, lo golpearon y lo fueron a tirar cerca de la zona arqueol\u00f3gica de Monte Alb\u00e1n.<\/p>\n\n\n\n<p>Deportistas que pasaban por la zona se percataron de los gritos del individuo por lo cual llamaron al n\u00famero de emergencia; param\u00e9dicos de la Cruz Roja Mexicana le dieron los primeros auxilios y no amerit\u00f3 atenci\u00f3n hospitalaria.<\/p>\n\n\n\n<p>Posterior a ello, acudi\u00f3 a presentar su denuncia ante la Fiscal\u00eda General del Estado de Oaxaca, donde recalc\u00f3 que es un ciudadano jalisciense, con domicilio temporal en San Pedro Ixtlahuaca.<\/p>\n","protected":false},"excerpt":{"rendered":"<p>Redacci\u00f3n\/Zona Roja. Oaxaca de Ju\u00e1rez, Oax., a 4 de agosto de 2024.- Como Ricardo G.&hellip;<\/p>\n","protected":false},"author":2,"featured_media":58336,"comment_status":"closed","ping_status":"open","sticky":false,"template":"","format":"standard","meta":{"_lmt_disableupdate":"","_lmt_disable":"","_jetpack_memberships_contains_paid_content":false,"footnotes":""},"categories":[109,47],"tags":[2140],"class_list":["post-58350","post","type-post","status-publish","format-standard","has-post-thumbnail","hentry","category-minuto-a-minuto","category-zona-gris","tag-san-pedro-ixtlahuaca"],"jetpack_featured_media_url":"https:\/\/zonaroja.com.mx\/wp-content\/uploads\/2023\/08\/Asaltado-y-golpeado-Ixtlahuaca-Oaxaca.jpg","jetpack_sharing_enabled":true,"_links":{"self":[{"href":"https:\/\/zonaroja.com.mx\/index.php?rest_route=\/wp\/v2\/posts\/58350","targetHints":{"allow":["GET"]}}],"collection":[{"href":"https:\/\/zonaroja.com.mx\/index.php?rest_route=\/wp\/v2\/posts"}],"about":[{"href":"https:\/\/zonaroja.com.mx\/index.php?rest_route=\/wp\/v2\/types\/post"}],"author":[{"embeddable":true,"href":"https:\/\/zonaroja.com.mx\/index.php?rest_route=\/wp\/v2\/users\/2"}],"replies":[{"embeddable":true,"href":"https:\/\/zonaroja.com.mx\/index.php?rest_route=%2Fwp%2Fv2%2Fcomments&post=58350"}],"version-history":[{"count":1,"href":"https:\/\/zonaroja.com.mx\/index.php?rest_route=\/wp\/v2\/posts\/58350\/revisions"}],"predecessor-version":[{"id":58351,"href":"https:\/\/zonaroja.com.mx\/index.php?rest_route=\/wp\/v2\/posts\/58350\/revisions\/58351"}],"wp:featuredmedia":[{"embeddable":true,"href":"https:\/\/zonaroja.com.mx\/index.php?rest_route=\/wp\/v2\/media\/58336"}],"wp:attachment":[{"href":"https:\/\/zonaroja.com.mx\/index.php?rest_route=%2Fwp%2Fv2%2Fmedia&parent=58350"}],"wp:term":[{"taxonomy":"category","embeddable":true,"href":"https:\/\/zonaroja.com.mx\/index.php?rest_route=%2Fwp%2Fv2%2Fcategories&post=58350"},{"taxonomy":"post_tag","embeddable":true,"href":"https:\/\/zonaroja.com.mx\/index.php?rest_route=%2Fwp%2Fv2%2Ftags&post=58350"}],"curies":[{"name":"wp","href":"https:\/\/api.w.org\/{rel}","templated":true}]}}