{"id":58353,"date":"2023-08-04T10:30:00","date_gmt":"2023-08-04T15:30:00","guid":{"rendered":"http:\/\/www.zonaroja.com.mx\/?p=58353"},"modified":"2023-08-04T08:11:32","modified_gmt":"2023-08-04T13:11:32","slug":"rechaza-gobierno-que-haya-incremento-de-incidencia-delictiva-en-oaxaca","status":"publish","type":"post","link":"https:\/\/zonaroja.com.mx\/?p=58353","title":{"rendered":"Rechaza gobierno que haya incremento de incidencia delictiva en Oaxaca"},"content":{"rendered":"\n<p>Redacci\u00f3n\/Zona Roja.<\/p>\n\n\n\n<p>Oaxaca de Ju\u00e1rez, Oax. 4 de agosto de 2023.- El gobierno de Oaxaca rechaz\u00f3 incremento de la incidencia delictiva en el actual sexenio.<\/p>\n\n\n\n<p>Por el contrario, en los primeros siete meses de la administraci\u00f3n estatal se ha reducido un 11.05 por ciento, inform\u00f3 en un comunicado de prensa.<\/p>\n\n\n\n<p>Detall\u00f3 que en un comparativo con respecto a los \u00faltimos siete meses de la administraci\u00f3n anterior y los primeros siete meses del gobierno actual, indic\u00f3 que esta disminuci\u00f3n se refleja directamente en el an\u00e1lisis de 11 delitos de alto impacto, lo que equivale a mil 506 delitos menos que el periodo se\u00f1alado en 2022.<\/p>\n\n\n\n<p>Abund\u00f3 que los seis delitos que disminuyeron su incidencia son: homicidio doloso, lesiones, robo de veh\u00edculo, robo a casa habitaci\u00f3n, robo de transe\u00fante y robo a negocio.<\/p>\n\n\n\n<p>Precis\u00f3 que se han registrado 16 delitos menos en homicidios dolosos, 104 menos en materia de lesiones, mil 239 robos menos de veh\u00edculos, robo casa habitaci\u00f3n disminuyeron en 119 casos, menos 348 robo a transe\u00fantes y menos 77 actividades delictivas asociadas a robo a negocios.<\/p>\n\n\n\n<p>\u201cCon estas acciones, el Gobierno del Estado que encabeza Salom\u00f3n Jara Cruz, refrenda su compromiso de trabajar de manera coordinada con los tres niveles de gobierno para salvaguardar la integridad, tranquilidad y patrimonio de las y los oaxaque\u00f1os\u201d, se\u00f1al\u00f3.<\/p>\n","protected":false},"excerpt":{"rendered":"<p>Redacci\u00f3n\/Zona Roja. Oaxaca de Ju\u00e1rez, Oax. 4 de agosto de 2023.- El gobierno de Oaxaca&hellip;<\/p>\n","protected":false},"author":2,"featured_media":55677,"comment_status":"closed","ping_status":"open","sticky":false,"template":"","format":"standard","meta":{"_lmt_disableupdate":"","_lmt_disable":"","_jetpack_memberships_contains_paid_content":false,"footnotes":""},"categories":[109,46],"tags":[939],"class_list":["post-58353","post","type-post","status-publish","format-standard","has-post-thumbnail","hentry","category-minuto-a-minuto","category-zona-blanca","tag-salomon-jara-cruz"],"jetpack_featured_media_url":"https:\/\/zonaroja.com.mx\/wp-content\/uploads\/2023\/05\/Palacio-de-Gobierno-Oaxaca.jpg","jetpack_sharing_enabled":true,"_links":{"self":[{"href":"https:\/\/zonaroja.com.mx\/index.php?rest_route=\/wp\/v2\/posts\/58353","targetHints":{"allow":["GET"]}}],"collection":[{"href":"https:\/\/zonaroja.com.mx\/index.php?rest_route=\/wp\/v2\/posts"}],"about":[{"href":"https:\/\/zonaroja.com.mx\/index.php?rest_route=\/wp\/v2\/types\/post"}],"author":[{"embeddable":true,"href":"https:\/\/zonaroja.com.mx\/index.php?rest_route=\/wp\/v2\/users\/2"}],"replies":[{"embeddable":true,"href":"https:\/\/zonaroja.com.mx\/index.php?rest_route=%2Fwp%2Fv2%2Fcomments&post=58353"}],"version-history":[{"count":1,"href":"https:\/\/zonaroja.com.mx\/index.php?rest_route=\/wp\/v2\/posts\/58353\/revisions"}],"predecessor-version":[{"id":58354,"href":"https:\/\/zonaroja.com.mx\/index.php?rest_route=\/wp\/v2\/posts\/58353\/revisions\/58354"}],"wp:featuredmedia":[{"embeddable":true,"href":"https:\/\/zonaroja.com.mx\/index.php?rest_route=\/wp\/v2\/media\/55677"}],"wp:attachment":[{"href":"https:\/\/zonaroja.com.mx\/index.php?rest_route=%2Fwp%2Fv2%2Fmedia&parent=58353"}],"wp:term":[{"taxonomy":"category","embeddable":true,"href":"https:\/\/zonaroja.com.mx\/index.php?rest_route=%2Fwp%2Fv2%2Fcategories&post=58353"},{"taxonomy":"post_tag","embeddable":true,"href":"https:\/\/zonaroja.com.mx\/index.php?rest_route=%2Fwp%2Fv2%2Ftags&post=58353"}],"curies":[{"name":"wp","href":"https:\/\/api.w.org\/{rel}","templated":true}]}}