{"id":58358,"date":"2023-08-04T11:30:00","date_gmt":"2023-08-04T16:30:00","guid":{"rendered":"http:\/\/www.zonaroja.com.mx\/?p=58358"},"modified":"2023-08-04T08:29:00","modified_gmt":"2023-08-04T13:29:00","slug":"siguen-a-la-caza-de-golpeador-de-menor-en-slp-le-clausuran-negocio","status":"publish","type":"post","link":"https:\/\/zonaroja.com.mx\/?p=58358","title":{"rendered":"Siguen a la caza de golpeador de menor en SLP; le clausuran negocio"},"content":{"rendered":"\n<p>Redacci\u00f3n\/Zona Roja Cdmx.<\/p>\n\n\n\n<p>Ciudad de M\u00e9xico, a 4 de agosto de 2023.- La Fiscal\u00eda de San Luis Potos\u00ed solicit\u00f3 ficha roja a la Interpol para localizar al hombre que a inicios de semana golpe\u00f3 a un empleado de 15 a\u00f1os en una sucursal de Subway en la entidad.<\/p>\n\n\n\n<p>Lo anterior fue confirmado por el propio gobernador de San Luis Potos\u00ed, Ricardo Gallardo Cardona, quien dej\u00f3 en claro que se tiene que encontrar al agresor.<\/p>\n\n\n\n<p>\u201cTodo mundo est\u00e1 busc\u00e1ndolo, lo tenemos que encontrar y bueno en las pr\u00f3ximas horas yo creo que va a haber resultados\u201d, indic\u00f3 este jueves.<\/p>\n\n\n\n<p>Ya hay ficha roja y se va a empezar a buscar por cielo, mar y tierra\u201d, puntualiz\u00f3 el gobernador de la entidad.<\/p>\n\n\n\n<p>Miguel Gallegos Cepeda, vocero de Seguridad de la entidad, hizo un llamado a la ciudadan\u00eda para sumarse a la localizaci\u00f3n del sujeto agresor del menor de edad.<\/p>\n\n\n\n<p>\u201cSe solicita a la sociedad en general si es que tienen alguna situaci\u00f3n que pueda dar con el paradero de esta persona, que la compartan a trav\u00e9s del 089, bajo el anonimato\u201d, dijo.<\/p>\n\n\n\n<p>CLAUSURAN NEGOCIO<\/p>\n\n\n\n<p>En tanto, el ayuntamiento de San Luis Potos\u00ed clausur\u00f3 un negocio relacionado con el agresor de un menor de edad, empleado de una sucursal de Subway en la capital del estado.<\/p>\n\n\n\n<p>La Direcci\u00f3n de Comercio, que colabor\u00f3 con la Fiscal\u00eda General del Estado (FGE), encontr\u00f3 tres razones sociales relacionadas con Fernando Medina Ram\u00edrez, alias el \u2018Tibur\u00f3n\u2018.<\/p>\n\n\n\n<p>La autoridad municipal clausur\u00f3 el establecimiento llamado \u2018Venta de Autopartes Medina\u2019, ubicado sobre la avenida Rocha Cordero, debido a que no cuenta con licencia de funcionamiento.<\/p>\n\n\n\n<p>Los otros negocios relacionados con el sujeto son&nbsp;un dep\u00f3sito de cerveza y un gimnasio conocido como \u2018Power House Gym\u2018, en el que entrenaba y daba clases de artes marciales.<\/p>\n\n\n\n<p>S\u00ed participamos inmediatamente, las bases de datos de seguridad p\u00fablica le aportaron informaci\u00f3n a la carpeta, la identificaci\u00f3n oficial, las fichas, los datos que tenemos del agresor\u201d, inform\u00f3 el alcalde Enrique Galindo Ceballos.<\/p>\n\n\n\n<p>Las autoridades trabajan para localizar m\u00e1s inmuebles relacionados con el agresor y el gobernador Ricardo Gallardo asegur\u00f3 que las autoridades buscan &nbsp;\u201cpor cielo, mar y tierra\u201d al sujeto.<\/p>\n\n\n\n<p>En tanto, el menor agredido se encuentra en un hospital, donde es valorado para descartar un posible da\u00f1o neuronal derivado de la agresi\u00f3n.<\/p>\n\n\n\n<p>(Con informaci\u00f3n de Radio F\u00f3rmula y L\u00f3pez-D\u00f3riga Digital)<\/p>\n","protected":false},"excerpt":{"rendered":"<p>Redacci\u00f3n\/Zona Roja Cdmx. Ciudad de M\u00e9xico, a 4 de agosto de 2023.- La Fiscal\u00eda de&hellip;<\/p>\n","protected":false},"author":2,"featured_media":58359,"comment_status":"closed","ping_status":"open","sticky":false,"template":"","format":"standard","meta":{"_lmt_disableupdate":"","_lmt_disable":"","_jetpack_memberships_contains_paid_content":false,"footnotes":""},"categories":[109,47],"tags":[3491],"class_list":["post-58358","post","type-post","status-publish","format-standard","has-post-thumbnail","hentry","category-minuto-a-minuto","category-zona-gris","tag-san-luis-potosi"],"jetpack_featured_media_url":"https:\/\/zonaroja.com.mx\/wp-content\/uploads\/2023\/08\/Agresor-Subway-San-Luis-Potosi.jpeg","jetpack_sharing_enabled":true,"_links":{"self":[{"href":"https:\/\/zonaroja.com.mx\/index.php?rest_route=\/wp\/v2\/posts\/58358","targetHints":{"allow":["GET"]}}],"collection":[{"href":"https:\/\/zonaroja.com.mx\/index.php?rest_route=\/wp\/v2\/posts"}],"about":[{"href":"https:\/\/zonaroja.com.mx\/index.php?rest_route=\/wp\/v2\/types\/post"}],"author":[{"embeddable":true,"href":"https:\/\/zonaroja.com.mx\/index.php?rest_route=\/wp\/v2\/users\/2"}],"replies":[{"embeddable":true,"href":"https:\/\/zonaroja.com.mx\/index.php?rest_route=%2Fwp%2Fv2%2Fcomments&post=58358"}],"version-history":[{"count":1,"href":"https:\/\/zonaroja.com.mx\/index.php?rest_route=\/wp\/v2\/posts\/58358\/revisions"}],"predecessor-version":[{"id":58360,"href":"https:\/\/zonaroja.com.mx\/index.php?rest_route=\/wp\/v2\/posts\/58358\/revisions\/58360"}],"wp:featuredmedia":[{"embeddable":true,"href":"https:\/\/zonaroja.com.mx\/index.php?rest_route=\/wp\/v2\/media\/58359"}],"wp:attachment":[{"href":"https:\/\/zonaroja.com.mx\/index.php?rest_route=%2Fwp%2Fv2%2Fmedia&parent=58358"}],"wp:term":[{"taxonomy":"category","embeddable":true,"href":"https:\/\/zonaroja.com.mx\/index.php?rest_route=%2Fwp%2Fv2%2Fcategories&post=58358"},{"taxonomy":"post_tag","embeddable":true,"href":"https:\/\/zonaroja.com.mx\/index.php?rest_route=%2Fwp%2Fv2%2Ftags&post=58358"}],"curies":[{"name":"wp","href":"https:\/\/api.w.org\/{rel}","templated":true}]}}