{"id":58361,"date":"2023-08-04T12:29:00","date_gmt":"2023-08-04T17:29:00","guid":{"rendered":"http:\/\/www.zonaroja.com.mx\/?p=58361"},"modified":"2023-08-04T08:32:07","modified_gmt":"2023-08-04T13:32:07","slug":"emite-la-interpol-ficha-para-busqueda-de-oaxaqueno-en-canada","status":"publish","type":"post","link":"https:\/\/zonaroja.com.mx\/?p=58361","title":{"rendered":"Emite la Interpol ficha para b\u00fasqueda de oaxaque\u00f1o en Canad\u00e1"},"content":{"rendered":"\n<p>Redacci\u00f3n\/Zona Roja Cdmx.<\/p>\n\n\n\n<p>Ciudad de M\u00e9xico, a 4 de agosto de 2023.- La Organizaci\u00f3n Internacional de la Polic\u00eda Criminal (Interpol) emiti\u00f3 una alerta amarilla tras la desaparici\u00f3n Carlos Tom\u00e1s Aranda, el mexicano desaparecido en Osoyoos, Canad\u00e1 desde el 7 de julio, inform\u00f3 la Secretar\u00eda de Relaciones Exteriores (SRE).<\/p>\n\n\n\n<p>A\u00f1adi\u00f3 que funcionarios del consulado de M\u00e9xico en Vancouver y de la Direcci\u00f3n General de Protecci\u00f3n Consular y Planeaci\u00f3n Estrat\u00e9gica de la canciller\u00eda brindan asistencia y protecci\u00f3n a los familiares.<\/p>\n\n\n\n<p>En un comunicado, la SRE inform\u00f3 que se puso en contacto con la Real Polic\u00eda Montada Canadiense en Columbia Brit\u00e1nica, que encabeza la b\u00fasqueda, y detall\u00f3 que se han realizado otras misiones en colaboraci\u00f3n con la agrupaci\u00f3n Oliver\/Osoyoos Search &amp; Rescue.<\/p>\n\n\n\n<p>\u201cSe han empleado drones, personal de la polic\u00eda montada, grupos de voluntarios, binomios caninos y equipo sofisticado acorde a la topograf\u00eda de la regi\u00f3n\u201d, detall\u00f3 la canciller\u00eda.<\/p>\n\n\n\n<p>El pasado 10 de julio, personal del consulado se reuni\u00f3 el&nbsp;padre y hermano del mexicano desaparecido,&nbsp;Octavio Aranda Ortega y a Josu\u00e9 Aranda Burgoin, para hablar del caso y gestionar la renovaci\u00f3n de pasaporte del padre.<\/p>\n\n\n\n<p>Tambi\u00e9n explic\u00f3 que, dentro del proceso de b\u00fasqueda, el 14 de julio los familiares participaron en un recorrido por la zona de b\u00fasqueda con autoridades de investigaci\u00f3n, y funcionarios del consulado visitaron los \u00faltimos lugares donde estuvo el mexicano y las \u00faltimas personas con las que se reuni\u00f3.<\/p>\n\n\n\n<p>\u201cLa Representaci\u00f3n solicit\u00f3 el apoyo del Centro de Informaci\u00f3n y Asistencia a Personas Mexicanas (CIAM) para indagar si existe registro de Carlos en las bases de datos de las autoridades migratorias estadunidenses, sin que arrojara alg\u00fan resultado. Tambi\u00e9n facilit\u00f3 una conferencia telef\u00f3nica entre el padre de Carlos y el abogado consultor, Octavio Zertuche, para atender dudas e inquietudes acerca del sistema legal canadiense y el proceso de investigaci\u00f3n que se realiza en ese pa\u00eds. De igual forma se han facilitado entrevistas con medios de comunicaci\u00f3n locales para dar difusi\u00f3n a los esfuerzos de b\u00fasqueda.\u201d<\/p>\n\n\n\n<p>La organizaci\u00f3n sin fines de lucro MOSAIC y la Oficina de Empleo y Desarrollo Social de Canad\u00e1 han proporcionado apoyo para cubrir los gastos de estancia y alimentaci\u00f3n de los familiares. Adem\u00e1s se pidi\u00f3 a la red consular en Canad\u00e1 y al consulado de Seattle, Estados Unidos, difundir la alerta amarilla emitida por la Interpol.<\/p>\n\n\n\n<p>Octavio Aranda, pap\u00e1 del mexicano desaparecido en Canad\u00e1, indic\u00f3 que la ficha de Interpol emitida para localizar a su hijo se tramit\u00f3 por gesti\u00f3n de sus familiares en Oaxaca y no por las autoridades.<\/p>\n\n\n\n<p>En entrevista con Alejandro Dom\u00ednguez para MILENIO Televisi\u00f3n, Aranda indic\u00f3 la SRE, a trav\u00e9s de Vannesa Calva, directora general de Protecci\u00f3n Consular de la canciller\u00eda, difundir\u00e1n la ficha de Interpol.<\/p>\n\n\n\n<p>\u201cEsta ficha amarilla la sac\u00f3 mi familia all\u00e1 en Oaxaca, el compromiso que hicieron la se\u00f1ora Vannesa Calva es que iban a difundir la ficha de Interpol, pero la ficha la lograron en Oaxaca a base de presi\u00f3n\u201d.<\/p>\n\n\n\n<p>(Informaci\u00f3n de \u201cMilenio\u201d)<\/p>\n","protected":false},"excerpt":{"rendered":"<p>Redacci\u00f3n\/Zona Roja Cdmx. Ciudad de M\u00e9xico, a 4 de agosto de 2023.- La Organizaci\u00f3n Internacional&hellip;<\/p>\n","protected":false},"author":2,"featured_media":57614,"comment_status":"closed","ping_status":"open","sticky":false,"template":"","format":"standard","meta":{"_lmt_disableupdate":"","_lmt_disable":"","_jetpack_memberships_contains_paid_content":false,"footnotes":""},"categories":[109,46],"tags":[3613],"class_list":["post-58361","post","type-post","status-publish","format-standard","has-post-thumbnail","hentry","category-minuto-a-minuto","category-zona-blanca","tag-carlos-tomas-aranda-burgoin-canada"],"jetpack_featured_media_url":"https:\/\/zonaroja.com.mx\/wp-content\/uploads\/2023\/07\/Carlos-Tomas-Aranda-oaxaqueno-Canada.jpg","jetpack_sharing_enabled":true,"_links":{"self":[{"href":"https:\/\/zonaroja.com.mx\/index.php?rest_route=\/wp\/v2\/posts\/58361","targetHints":{"allow":["GET"]}}],"collection":[{"href":"https:\/\/zonaroja.com.mx\/index.php?rest_route=\/wp\/v2\/posts"}],"about":[{"href":"https:\/\/zonaroja.com.mx\/index.php?rest_route=\/wp\/v2\/types\/post"}],"author":[{"embeddable":true,"href":"https:\/\/zonaroja.com.mx\/index.php?rest_route=\/wp\/v2\/users\/2"}],"replies":[{"embeddable":true,"href":"https:\/\/zonaroja.com.mx\/index.php?rest_route=%2Fwp%2Fv2%2Fcomments&post=58361"}],"version-history":[{"count":1,"href":"https:\/\/zonaroja.com.mx\/index.php?rest_route=\/wp\/v2\/posts\/58361\/revisions"}],"predecessor-version":[{"id":58362,"href":"https:\/\/zonaroja.com.mx\/index.php?rest_route=\/wp\/v2\/posts\/58361\/revisions\/58362"}],"wp:featuredmedia":[{"embeddable":true,"href":"https:\/\/zonaroja.com.mx\/index.php?rest_route=\/wp\/v2\/media\/57614"}],"wp:attachment":[{"href":"https:\/\/zonaroja.com.mx\/index.php?rest_route=%2Fwp%2Fv2%2Fmedia&parent=58361"}],"wp:term":[{"taxonomy":"category","embeddable":true,"href":"https:\/\/zonaroja.com.mx\/index.php?rest_route=%2Fwp%2Fv2%2Fcategories&post=58361"},{"taxonomy":"post_tag","embeddable":true,"href":"https:\/\/zonaroja.com.mx\/index.php?rest_route=%2Fwp%2Fv2%2Ftags&post=58361"}],"curies":[{"name":"wp","href":"https:\/\/api.w.org\/{rel}","templated":true}]}}