{"id":58363,"date":"2023-08-04T08:54:00","date_gmt":"2023-08-04T13:54:00","guid":{"rendered":"http:\/\/www.zonaroja.com.mx\/?p=58363"},"modified":"2023-08-04T08:54:04","modified_gmt":"2023-08-04T13:54:04","slug":"vinculan-a-proceso-a-ex-funcionario-del-tribunal-de-justicia-administrativa","status":"publish","type":"post","link":"https:\/\/zonaroja.com.mx\/?p=58363","title":{"rendered":"Vinculan a proceso a ex funcionario del Tribunal de Justicia Administrativa"},"content":{"rendered":"\n<p>Redacci\u00f3n\/Zona Roja.<\/p>\n\n\n\n<p>Oaxaca de Ju\u00e1rez, Oax., a 4 de agosto de 2023.- Luego de m\u00e1s de siete horas de audiencia, un juez de la causa del Poder Judicial del Estado vincul\u00f3 ayer a proceso judicial a Juan Edy g. C., ex secretario General de Acuerdos del Tribunal de Justicia Administrativa de Oaxaca (TJAO).<\/p>\n\n\n\n<p>El individuo fue detenido el pasado viernes 28 de julio en jurisdicci\u00f3n de Santa Mar\u00eda Atzompa y, de acuerdo con la Fiscal\u00eda General del Estado de Oaxaca, est\u00e1 acusado de delitos contra la administraci\u00f3n de justicia.<\/p>\n\n\n\n<p>Con anterioridad, sus familiares y abogados han recriminado que dicho delito no existe en las normas jur\u00eddicas del estado, lo cual han rebatido las autoridades estatales de procuraci\u00f3n de justicia.<\/p>\n\n\n\n<p>Luego de valorar las pruebas presentadas por la Fiscal\u00eda General del Estado de Oaxaca, el juez con sede en San Francisco Tanivet, Tlacolula, determin\u00f3 adem\u00e1s prisi\u00f3n preventiva hasta el cierre del caso, que ser\u00eda en un lapso de dos meses.<\/p>\n\n\n\n<p>Fue el 22 de julio que el Congreso del Estado determin\u00f3 modificaciones constitucionales para extinguir el Tribunal de Justicia Administrativa y dar paso al Tribunal de Justicia Administrativa y Combate a la Corrupci\u00f3n; en otra sesi\u00f3n extraordinaria de ese mismo d\u00eda, eligi\u00f3 a siete magistrados, que sustituyeron a los del anterior \u00f3rgano.<\/p>\n\n\n\n<p>El pasado 27 de julio la Suprema Corte de Justicia de la Naci\u00f3n orden\u00f3 suspender el decreto que elimin\u00f3 el TJAO y destituy\u00f3 a todos sus integrantes, para sustituirlo por el TJACCO con nuevos magistrados.<\/p>\n","protected":false},"excerpt":{"rendered":"<p>Redacci\u00f3n\/Zona Roja. Oaxaca de Ju\u00e1rez, Oax., a 4 de agosto de 2023.- Luego de m\u00e1s&hellip;<\/p>\n","protected":false},"author":2,"featured_media":58116,"comment_status":"closed","ping_status":"open","sticky":false,"template":"","format":"standard","meta":{"_lmt_disableupdate":"","_lmt_disable":"","_jetpack_memberships_contains_paid_content":false,"footnotes":""},"categories":[109,46],"tags":[494],"class_list":["post-58363","post","type-post","status-publish","format-standard","has-post-thumbnail","hentry","category-minuto-a-minuto","category-zona-blanca","tag-fiscalia-general-del-estado-de-oaxaca"],"jetpack_featured_media_url":"https:\/\/zonaroja.com.mx\/wp-content\/uploads\/2023\/07\/Juan-Edy-Garcia-Coronado-secretario-Tribunal-Justicia-Administrativa.jpg","jetpack_sharing_enabled":true,"_links":{"self":[{"href":"https:\/\/zonaroja.com.mx\/index.php?rest_route=\/wp\/v2\/posts\/58363","targetHints":{"allow":["GET"]}}],"collection":[{"href":"https:\/\/zonaroja.com.mx\/index.php?rest_route=\/wp\/v2\/posts"}],"about":[{"href":"https:\/\/zonaroja.com.mx\/index.php?rest_route=\/wp\/v2\/types\/post"}],"author":[{"embeddable":true,"href":"https:\/\/zonaroja.com.mx\/index.php?rest_route=\/wp\/v2\/users\/2"}],"replies":[{"embeddable":true,"href":"https:\/\/zonaroja.com.mx\/index.php?rest_route=%2Fwp%2Fv2%2Fcomments&post=58363"}],"version-history":[{"count":1,"href":"https:\/\/zonaroja.com.mx\/index.php?rest_route=\/wp\/v2\/posts\/58363\/revisions"}],"predecessor-version":[{"id":58364,"href":"https:\/\/zonaroja.com.mx\/index.php?rest_route=\/wp\/v2\/posts\/58363\/revisions\/58364"}],"wp:featuredmedia":[{"embeddable":true,"href":"https:\/\/zonaroja.com.mx\/index.php?rest_route=\/wp\/v2\/media\/58116"}],"wp:attachment":[{"href":"https:\/\/zonaroja.com.mx\/index.php?rest_route=%2Fwp%2Fv2%2Fmedia&parent=58363"}],"wp:term":[{"taxonomy":"category","embeddable":true,"href":"https:\/\/zonaroja.com.mx\/index.php?rest_route=%2Fwp%2Fv2%2Fcategories&post=58363"},{"taxonomy":"post_tag","embeddable":true,"href":"https:\/\/zonaroja.com.mx\/index.php?rest_route=%2Fwp%2Fv2%2Ftags&post=58363"}],"curies":[{"name":"wp","href":"https:\/\/api.w.org\/{rel}","templated":true}]}}