{"id":58367,"date":"2023-08-04T16:22:47","date_gmt":"2023-08-04T21:22:47","guid":{"rendered":"http:\/\/www.zonaroja.com.mx\/?p=58367"},"modified":"2023-08-04T16:22:51","modified_gmt":"2023-08-04T21:22:51","slug":"una-decada-de-impunidad-en-feminicidio-de-ivon-jimenez-madre-exige-justicia-al-nuevo-gobierno","status":"publish","type":"post","link":"https:\/\/zonaroja.com.mx\/?p=58367","title":{"rendered":"Una d\u00e9cada de impunidad en feminicidio de Iv\u00f3n Jim\u00e9nez; madre exige justicia al nuevo gobierno"},"content":{"rendered":"\n<p>Yuridiana Sosa\/Zona Roja.<\/p>\n\n\n\n<p>Oaxaca de Ju\u00e1rez, Oax., a 4 de agosto de 2023.- Por 10 a\u00f1os, la familia de Iv\u00f3n Jim\u00e9nez Camacho ha vivido la impunidad por su feminicidio, pues las autoridades ni siquiera han logrado la detenci\u00f3n del presunto responsable, Kevin Gonzalo R.M. ex novio de la joven.<\/p>\n\n\n\n<p>A una d\u00e9cada de su asesinato, la madre de Iv\u00f3n, la se\u00f1ora Elvira Camacho, volvi\u00f3 a exigir a las autoridades estatales justicia por su hija y su familia, as\u00ed como recordarle a la Fiscal\u00eda General de Oaxaca el cruel caso de la joven de 20 a\u00f1os que primero fue reportada como desaparecida y despu\u00e9s localizada sin vida en un terreno bald\u00edo, todo ello tras verse con Kevin.<\/p>\n\n\n\n<p>\u201cHija de mi alma, tu muerte me duele cada d\u00eda\u2026Nada me va a quitar este empe\u00f1o de seguir luchando\u201d, manifest\u00f3 la madre en conferencia de prensa frente al templo de Santo Domingo de Guzm\u00e1n.<\/p>\n\n\n\n<p>Acompa\u00f1a de otras madres v\u00edctimas del feminicidio, Elvira Camacho conden\u00f3 la incapacidad de la Fiscal\u00eda de Oaxaca, que desde el transcurso del asesinato de su hija ha tenido cinco titulares, quienes s\u00f3lo se quedan en la promesa de justicia.<\/p>\n\n\n\n<p>\u201cNo tengo verg\u00fcenza de exigir este derecho (justicia) y de rechazar la impunidad. El Estado est\u00e1 en falta con mi hija, mi familia. No le tengo miedo a su asesino y la polic\u00eda investigadora s\u00f3lo ha simulado buscarlo o son tontos\u201d, expres\u00f3 la mujer.<\/p>\n\n\n\n<p>En este d\u00eda, dijo \u2014\u00faltimo en que vio con vida a su hija hace 10 a\u00f1os y dos d\u00edas despu\u00e9s localizada sin vida\u2014, no solo se cumplen a\u00f1os de su asesinato, tambi\u00e9n de impunidad y de la que tambi\u00e9n responsabiliz\u00f3 al Tribunal de Justicia de Oaxaca.<\/p>\n\n\n\n<figure class=\"wp-block-embed is-type-rich is-provider-twitter wp-block-embed-twitter\"><div class=\"wp-block-embed__wrapper\">\n<div class=\"twitter-tweet\"><blockquote class=\"twitter-tweet\" data-lang=\"es\"><p lang=\"es\" dir=\"ltr\"><a href=\"https:\/\/twitter.com\/hashtag\/%C3%9AltimoMinuto?src=hash&amp;ref_src=twsrc%5Etfw\">#\u00daltimoMinuto<\/a> <br>A 10 a\u00f1os del feminicidio de Iv\u00f3n, a\u00fan no hay justicia, acusan familiares y la madre de la joven, la se\u00f1ora Elvira, quien pide a las autoridades de la <a href=\"https:\/\/twitter.com\/FISCALIA_GobOax?ref_src=twsrc%5Etfw\">@FISCALIA_GobOax<\/a> detener a Kevin Gonzalo R. M., pr\u00f3fugo de la justicia, presuntamente bajo protecci\u00f3n de las\u2026 <a href=\"https:\/\/t.co\/3yBZtuY9Yc\">pic.twitter.com\/3yBZtuY9Yc<\/a><\/p>&mdash; Zona Roja Oaxaca (@ZonaRoja_Oaxaca) <a href=\"https:\/\/twitter.com\/ZonaRoja_Oaxaca\/status\/1687520852563341312?ref_src=twsrc%5Etfw\">4 de agosto de 2023<\/a><\/blockquote><\/div>\n<\/div><\/figure>\n\n\n\n<p>Elvira Camacho se\u00f1al\u00f3 que, en medio del sufrimiento por la ausencia de su hija, tambi\u00e9n han tenido que padecer del acoso de las autoridades manipuladas por la familia del feminicida, con supuestas \u00f3rdenes de aprehensi\u00f3n por parte de la Fiscal\u00eda General de la Rep\u00fablica y amenazas para que no siga con las denuncias.<\/p>\n\n\n\n<p>\u201cSi un d\u00eda me van a matar, nos van a matar, vamos a morir luchando, dando batalla al sistema corrupto\u201d, advirti\u00f3 la madre de Iv\u00f3n, quien ha encontrado en la protesta y la denuncia p\u00fablica la \u00fanica forma de exigir justicia y recordar la impunidad.&nbsp;<\/p>\n\n\n\n<p>BASTA DE IMPUNIDAD<\/p>\n\n\n\n<p>\u201cEste rostro que tengo aqu\u00ed, de este hombre (Kevin), es el rostro de la impunidad. Y a este rostro se le suman los funcionarios que fueron titulares de la Procuradur\u00eda-Fiscal\u00eda y los presidentes del Tribunal o Poder Judicial.<\/p>\n\n\n\n<p>\u201cEs una verdadera verg\u00fcenza para m\u00ed como ciudadana, haber tenido en los \u00faltimos a\u00f1os a estos funcionarios (en el \u00e1rea de justicia). Yo he pasado cinco a\u00f1os esperando justicia, yo s\u00e9 que no la va a haber\u201d, dijo la periodista Soledad Jarqu\u00edn Edgar, al solidarizarse con familiares de v\u00edctimas de feminicidio, como el caso de la se\u00f1ora Elvira, expuesto hoy por el caso de su hija Iv\u00f3n.<\/p>\n\n\n\n<p>\u201cEsto que no has pasado a nosotras, le puede pasar a cualquiera. Invito a la gente que se una, esta exigencia es de todas y de todos; el caso de Iv\u00f3n ya est\u00e1 casi resuelto, porque Elvira lo resolvi\u00f3, ella empe\u00f1\u00f3 su vida en esto, como lo hacemos las madres, y casi lo resolvi\u00f3. (Pero) La impunidad sigue imperando\u201d, remarc\u00f3.<\/p>\n\n\n\n<p>La joven Iv\u00f3n fue asesinada el 4 de agosto de 2013 y su cuerpo fue hallado en inmediaciones de San Pablo, Etla; el probable feminicida, Kevin Gonzalo, es hijo de trabajadores del Poder Judicial, por lo cual la familia de la v\u00edctima considera que hay protecci\u00f3n desde ese \u00f3rgano.<\/p>\n\n\n\n<figure class=\"wp-block-embed is-type-rich is-provider-twitter wp-block-embed-twitter\"><div class=\"wp-block-embed__wrapper\">\n<div class=\"twitter-tweet\"><blockquote class=\"twitter-tweet\" data-lang=\"es\"><p lang=\"es\" dir=\"ltr\"><a href=\"https:\/\/twitter.com\/hashtag\/JusticiaParaIv%C3%B3n?src=hash&amp;ref_src=twsrc%5Etfw\">#JusticiaParaIv\u00f3n<\/a><br>\u201cEs una verdadera verg\u00fcenza para m\u00ed como ciudadana, haber tenido en los \u00faltimos a\u00f1os a estos funcionarios (en el \u00e1rea de justicia). Yo he pasado cinco a\u00f1os esperando justicia, yo s\u00e9 que no la va a haber\u201d: <a href=\"https:\/\/twitter.com\/jarquinedgar?ref_src=twsrc%5Etfw\">@jarquinedgar<\/a>, al solidarizarse con familiares de\u2026 <a href=\"https:\/\/t.co\/yTnTJjoAri\">pic.twitter.com\/yTnTJjoAri<\/a><\/p>&mdash; Zona Roja Oaxaca (@ZonaRoja_Oaxaca) <a href=\"https:\/\/twitter.com\/ZonaRoja_Oaxaca\/status\/1687562725457555456?ref_src=twsrc%5Etfw\">4 de agosto de 2023<\/a><\/blockquote><\/div>\n<\/div><\/figure>\n","protected":false},"excerpt":{"rendered":"<p>Yuridiana Sosa\/Zona Roja. Oaxaca de Ju\u00e1rez, Oax., a 4 de agosto de 2023.- Por 10&hellip;<\/p>\n","protected":false},"author":2,"featured_media":58369,"comment_status":"closed","ping_status":"open","sticky":false,"template":"","format":"standard","meta":{"_lmt_disableupdate":"","_lmt_disable":"","_jetpack_memberships_contains_paid_content":false,"footnotes":""},"categories":[109,47],"tags":[3634],"class_list":["post-58367","post","type-post","status-publish","format-standard","has-post-thumbnail","hentry","category-minuto-a-minuto","category-zona-gris","tag-ivon-camacho-jimenez"],"jetpack_featured_media_url":"https:\/\/zonaroja.com.mx\/wp-content\/uploads\/2023\/08\/Ivon-Camacho-Elivra-Camacho-feminicidio.jpg","jetpack_sharing_enabled":true,"_links":{"self":[{"href":"https:\/\/zonaroja.com.mx\/index.php?rest_route=\/wp\/v2\/posts\/58367","targetHints":{"allow":["GET"]}}],"collection":[{"href":"https:\/\/zonaroja.com.mx\/index.php?rest_route=\/wp\/v2\/posts"}],"about":[{"href":"https:\/\/zonaroja.com.mx\/index.php?rest_route=\/wp\/v2\/types\/post"}],"author":[{"embeddable":true,"href":"https:\/\/zonaroja.com.mx\/index.php?rest_route=\/wp\/v2\/users\/2"}],"replies":[{"embeddable":true,"href":"https:\/\/zonaroja.com.mx\/index.php?rest_route=%2Fwp%2Fv2%2Fcomments&post=58367"}],"version-history":[{"count":1,"href":"https:\/\/zonaroja.com.mx\/index.php?rest_route=\/wp\/v2\/posts\/58367\/revisions"}],"predecessor-version":[{"id":58370,"href":"https:\/\/zonaroja.com.mx\/index.php?rest_route=\/wp\/v2\/posts\/58367\/revisions\/58370"}],"wp:featuredmedia":[{"embeddable":true,"href":"https:\/\/zonaroja.com.mx\/index.php?rest_route=\/wp\/v2\/media\/58369"}],"wp:attachment":[{"href":"https:\/\/zonaroja.com.mx\/index.php?rest_route=%2Fwp%2Fv2%2Fmedia&parent=58367"}],"wp:term":[{"taxonomy":"category","embeddable":true,"href":"https:\/\/zonaroja.com.mx\/index.php?rest_route=%2Fwp%2Fv2%2Fcategories&post=58367"},{"taxonomy":"post_tag","embeddable":true,"href":"https:\/\/zonaroja.com.mx\/index.php?rest_route=%2Fwp%2Fv2%2Ftags&post=58367"}],"curies":[{"name":"wp","href":"https:\/\/api.w.org\/{rel}","templated":true}]}}