{"id":5837,"date":"2019-11-17T20:22:51","date_gmt":"2019-11-18T02:22:51","guid":{"rendered":"http:\/\/www.zonaroja.com.mx\/?p=5837"},"modified":"2019-11-17T20:56:28","modified_gmt":"2019-11-18T02:56:28","slug":"evo-morales-tiro-por-la-borda-su-legado-afirma-la-oea","status":"publish","type":"post","link":"https:\/\/zonaroja.com.mx\/?p=5837","title":{"rendered":"Evo Morales tir\u00f3 por la borda su legado, afirma la OEA"},"content":{"rendered":"\n<p>Redacci\u00f3n\/Zona Roja Cdmx.<\/p>\n\n\n\n<p>Ciudad de M\u00e9xico, 17 de noviembre de\n2019.- El secretario general de la Organizaci\u00f3n de los Estados Americanos\n(OEA), Luis Almagro, consider\u00f3 que el expresidente de Bolivia, Evo Morales,\ndesaprovech\u00f3 \u201cmuchas oportunidades\u201d para concluir su mandato antes de renunciar\nen medio de manifestaciones.<\/p>\n\n\n\n<p>\u201cTen\u00eda un inmenso legado pol\u00edtico en\nfunci\u00f3n de haber sido el primer presidente ind\u00edgena de Bolivia y por toda una\nconstrucci\u00f3n social que hab\u00eda trabajado. Y todo ese legado lo tira por la\nborda\u201c, desechando la oportunidad de \u201cirse para la casa con la satisfacci\u00f3n del\ndeber cumplido\u201d, dijo Almagro al diario \u201cExc\u00e9lsior\u201d en una entrevista difundida\nel s\u00e1bado.<\/p>\n\n\n\n<p>Seg\u00fan el diplom\u00e1tico uruguayo, Morales\n\u201ctuvo muchas oportunidades\u201d para dejar la presidencia.<\/p>\n\n\n\n<p>\u201cNi siquiera tendr\u00eda que haber hecho\nese refer\u00e9ndum\u201d, agreg\u00f3 Almagro, aludiendo a la consulta popular de 2016 con la\nque Morales pretend\u00eda modificar la Constituci\u00f3n boliviana para habilitar la\nreelecci\u00f3n indefinida, propuesta que no obtuvo los votos necesarios.<\/p>\n\n\n\n<p>Morales, sin embargo, logr\u00f3 despu\u00e9s de\nparte del Tribunal Constitucional luz verde a una nueva candidatura.<\/p>\n\n\n\n<p>Para el secretario general de la OEA,\nMorales desperdici\u00f3 adem\u00e1s la instancia de la auditor\u00eda de su organizaci\u00f3n que\nsobrevino a las elecciones del pasado 20 de octubre, \u201ccuando la misi\u00f3n de\nobservaci\u00f3n electoral le dice \u2018debe haber segunda vuelta&#8217;\u201d.<\/p>\n\n\n\n<p>Morales \u201cten\u00eda la responsabilidad con\nel pueblo boliviano de hacer un proceso electoral transparente, claro, limpio\njusto y no fue capaz de darle eso al pueblo boliviano (\u2026) a partir de ah\u00ed se\nhac\u00eda responsable de lo que ocurriera\u201d, dijo Almagro.<\/p>\n\n\n\n<p>\u201cEs momento [para Morales] de irse\ntranquilo y pasar su exilio tranquilo y espero que un d\u00eda pueda volver\ntranquilamente a Bolivia\u201d, coment\u00f3.<\/p>\n\n\n\n<p>Desde su exilio en M\u00e9xico, Evo Morales\nha dicho que su \u201clucha sigue\u201d.<\/p>\n\n\n\n<p>\u201cSi mi pueblo pide, estamos dispuestos\na volver (\u2026) Vamos a volver tarde o temprano (\u2026) mejor lo antes posible para\npacificar Bolivia\u201d, dijo en d\u00edas recientes Morales.<\/p>\n\n\n\n<p>Tras los comicios presidenciales de\noctubre miles de bolivianos salieron a las calles a manifestar su descontento\npor las irregularidades en el proceso electoral, mientras que otros marcharon a\nfavor de Morales.<\/p>\n\n\n\n<p>Hasta el momento suman 23 los muertos\nen las manifestaciones de Bolivia, seg\u00fan la Comisi\u00f3n Interamericana de Derechos\nHumanos.<\/p>\n\n\n\n<p>(Agencias)<\/p>\n","protected":false},"excerpt":{"rendered":"<p>Redacci\u00f3n\/Zona Roja Cdmx. Ciudad de M\u00e9xico, 17 de noviembre de 2019.- El secretario general de&hellip;<\/p>\n","protected":false},"author":2,"featured_media":5839,"comment_status":"closed","ping_status":"open","sticky":false,"template":"","format":"standard","meta":{"_lmt_disableupdate":"","_lmt_disable":"","_jetpack_memberships_contains_paid_content":false,"footnotes":""},"categories":[1],"tags":[],"class_list":["post-5837","post","type-post","status-publish","format-standard","has-post-thumbnail","hentry","category-sin-categoria"],"jetpack_featured_media_url":"https:\/\/zonaroja.com.mx\/wp-content\/uploads\/2019\/11\/img_9542.jpg","jetpack_sharing_enabled":true,"_links":{"self":[{"href":"https:\/\/zonaroja.com.mx\/index.php?rest_route=\/wp\/v2\/posts\/5837","targetHints":{"allow":["GET"]}}],"collection":[{"href":"https:\/\/zonaroja.com.mx\/index.php?rest_route=\/wp\/v2\/posts"}],"about":[{"href":"https:\/\/zonaroja.com.mx\/index.php?rest_route=\/wp\/v2\/types\/post"}],"author":[{"embeddable":true,"href":"https:\/\/zonaroja.com.mx\/index.php?rest_route=\/wp\/v2\/users\/2"}],"replies":[{"embeddable":true,"href":"https:\/\/zonaroja.com.mx\/index.php?rest_route=%2Fwp%2Fv2%2Fcomments&post=5837"}],"version-history":[{"count":1,"href":"https:\/\/zonaroja.com.mx\/index.php?rest_route=\/wp\/v2\/posts\/5837\/revisions"}],"predecessor-version":[{"id":5838,"href":"https:\/\/zonaroja.com.mx\/index.php?rest_route=\/wp\/v2\/posts\/5837\/revisions\/5838"}],"wp:featuredmedia":[{"embeddable":true,"href":"https:\/\/zonaroja.com.mx\/index.php?rest_route=\/wp\/v2\/media\/5839"}],"wp:attachment":[{"href":"https:\/\/zonaroja.com.mx\/index.php?rest_route=%2Fwp%2Fv2%2Fmedia&parent=5837"}],"wp:term":[{"taxonomy":"category","embeddable":true,"href":"https:\/\/zonaroja.com.mx\/index.php?rest_route=%2Fwp%2Fv2%2Fcategories&post=5837"},{"taxonomy":"post_tag","embeddable":true,"href":"https:\/\/zonaroja.com.mx\/index.php?rest_route=%2Fwp%2Fv2%2Ftags&post=5837"}],"curies":[{"name":"wp","href":"https:\/\/api.w.org\/{rel}","templated":true}]}}