{"id":58371,"date":"2023-08-04T16:25:24","date_gmt":"2023-08-04T21:25:24","guid":{"rendered":"http:\/\/www.zonaroja.com.mx\/?p=58371"},"modified":"2023-08-04T16:25:28","modified_gmt":"2023-08-04T21:25:28","slug":"ordena-el-ine-al-presidente-obrador-evitar-referirse-a-xochitl-galvez","status":"publish","type":"post","link":"https:\/\/zonaroja.com.mx\/?p=58371","title":{"rendered":"Ordena el INE al Presidente Obrador evitar referirse a X\u00f3chitl G\u00e1lvez"},"content":{"rendered":"\n<p>Redacci\u00f3n\/Zona Roja Cdmx.<\/p>\n\n\n\n<p>Ciudad de M\u00e9xico, a 4 de agosto de 2023.- La Comisi\u00f3n de Quejas y Denuncias del Instituto Nacional Electoral (INE) aprob\u00f3 or unanimidad imponer medidas cautelares contra el presidente Andr\u00e9s Manuel L\u00f3pez Obrador, debido a sus declaraciones a la aspirante presidencial X\u00f3chitl G\u00e1lvez, al detallar posible violencia pol\u00edtica de g\u00e9nero.<\/p>\n\n\n\n<p>De esta manera, se tendr\u00e1n que eliminar el material de video, audio y estenogr\u00e1fico de las conferencias matutinas del 10, 11, 14 y 17 de julio en un plazo de 12 horas.<\/p>\n\n\n\n<p>Tambi\u00e9n se prob\u00f3 lo que se denomin\u00f3 se aprob\u00f3 una tutela preventiva, con el objetivo de que el mandatario mexicano \u201cse abstenga bajo cualquier modalidad o formato, de realizar manifestaciones, emitir comentarios, opiniones o se\u00f1alamientos sobre temas relacionados con los derechos pol\u00edtico-electorales de la quejosa y de las mujeres, ya sea de forma positiva o negativa\u201d.<\/p>\n\n\n\n<p>Esta ma\u00f1ana en Palacio Nacional, el presidente L\u00f3pez Obrador dej\u00f3 en claro que si las autoridades electorales se lo proh\u00edben ya no hablar\u00e1 de la aspirante presidencial opositora&nbsp;X\u00f3chitl G\u00e1lvez, aunque recalc\u00f3 que esto es contrario a las libertades.<\/p>\n\n\n\n<p>\u201cNo hablo de la se\u00f1ora si lo proh\u00edben, nada m\u00e1s que va a seguir quedando en evidencia de que ese tribunal est\u00e1 vendido o alquilado (\u2026) Es contrario a la libertad, es una violaci\u00f3n flagrante a las libertades, \u00bfc\u00f3mo se va a silenciar a las personas?\u201d, declar\u00f3.<\/p>\n\n\n\n<p>El jefe del Ejecutivo federal volvi\u00f3 a exigir a las&nbsp;autoridades electorales&nbsp;que le digan por qu\u00e9&nbsp;cometi\u00f3&nbsp;violencia pol\u00edtica de g\u00e9nero&nbsp;contra&nbsp;G\u00e1lvez Ruiz.<\/p>\n\n\n\n<p>\u201cLo que me llaman la atenci\u00f3n es que sostengan que yo agred\u00ed verbalmente a la se\u00f1ora, que hay violencia de g\u00e9nero en lo que yo expres\u00e9 y quiero que me digan qu\u00e9 fue lo que dije seg\u00fan lo cual se trat\u00f3 de un agravio o hay violencia de g\u00e9nero\u201d, indic\u00f3.<\/p>\n\n\n\n<p>\u201cEl otro d\u00eda comentabas que porque dije que era la candidata del bloque conservador, pues es cierto, y eso cu\u00e1l es la violencia de g\u00e9nero. \u00bfQu\u00e9 no es cierto que es la candidata de Claudio (X. Gonz\u00e1lez) hijo? Que es el gerente del bloque conservador con los que integran este grupo y llegaron. la conclusi\u00f3n de que ella era la mejor opci\u00f3n y que a partir de ah\u00ed echaron a andar toda una campa\u00f1a a favor de la se\u00f1ora, \u00bfd\u00f3nde est\u00e1 la violencia? Esto es pol\u00edtica, es lo m\u00e1s legal que puede haber\u201d, manifest\u00f3.<\/p>\n\n\n\n<p>(Con informaci\u00f3n de L\u00f3pez-D\u00f3riga Digital)<\/p>\n","protected":false},"excerpt":{"rendered":"<p>Redacci\u00f3n\/Zona Roja Cdmx. Ciudad de M\u00e9xico, a 4 de agosto de 2023.- La Comisi\u00f3n de&hellip;<\/p>\n","protected":false},"author":2,"featured_media":57540,"comment_status":"closed","ping_status":"open","sticky":false,"template":"","format":"standard","meta":{"_lmt_disableupdate":"","_lmt_disable":"","_jetpack_memberships_contains_paid_content":false,"footnotes":""},"categories":[109,47],"tags":[143,3601],"class_list":["post-58371","post","type-post","status-publish","format-standard","has-post-thumbnail","hentry","category-minuto-a-minuto","category-zona-gris","tag-andres-manuel-lopez-obrador","tag-xochitl-galvez-ruiz"],"jetpack_featured_media_url":"https:\/\/zonaroja.com.mx\/wp-content\/uploads\/2023\/07\/Xochitl-Galvez-Ruiz-y-Andres-Manuel-Lopez-Obrador.jpeg","jetpack_sharing_enabled":true,"_links":{"self":[{"href":"https:\/\/zonaroja.com.mx\/index.php?rest_route=\/wp\/v2\/posts\/58371","targetHints":{"allow":["GET"]}}],"collection":[{"href":"https:\/\/zonaroja.com.mx\/index.php?rest_route=\/wp\/v2\/posts"}],"about":[{"href":"https:\/\/zonaroja.com.mx\/index.php?rest_route=\/wp\/v2\/types\/post"}],"author":[{"embeddable":true,"href":"https:\/\/zonaroja.com.mx\/index.php?rest_route=\/wp\/v2\/users\/2"}],"replies":[{"embeddable":true,"href":"https:\/\/zonaroja.com.mx\/index.php?rest_route=%2Fwp%2Fv2%2Fcomments&post=58371"}],"version-history":[{"count":1,"href":"https:\/\/zonaroja.com.mx\/index.php?rest_route=\/wp\/v2\/posts\/58371\/revisions"}],"predecessor-version":[{"id":58372,"href":"https:\/\/zonaroja.com.mx\/index.php?rest_route=\/wp\/v2\/posts\/58371\/revisions\/58372"}],"wp:featuredmedia":[{"embeddable":true,"href":"https:\/\/zonaroja.com.mx\/index.php?rest_route=\/wp\/v2\/media\/57540"}],"wp:attachment":[{"href":"https:\/\/zonaroja.com.mx\/index.php?rest_route=%2Fwp%2Fv2%2Fmedia&parent=58371"}],"wp:term":[{"taxonomy":"category","embeddable":true,"href":"https:\/\/zonaroja.com.mx\/index.php?rest_route=%2Fwp%2Fv2%2Fcategories&post=58371"},{"taxonomy":"post_tag","embeddable":true,"href":"https:\/\/zonaroja.com.mx\/index.php?rest_route=%2Fwp%2Fv2%2Ftags&post=58371"}],"curies":[{"name":"wp","href":"https:\/\/api.w.org\/{rel}","templated":true}]}}