{"id":58373,"date":"2023-08-04T20:20:08","date_gmt":"2023-08-05T01:20:08","guid":{"rendered":"http:\/\/www.zonaroja.com.mx\/?p=58373"},"modified":"2023-08-04T20:22:55","modified_gmt":"2023-08-05T01:22:55","slug":"hostigamiento-laboral-y-despidos-injustificados-denuncia-seiebo","status":"publish","type":"post","link":"https:\/\/zonaroja.com.mx\/?p=58373","title":{"rendered":"Hostigamiento laboral y despidos injustificados, denuncia SEIEBO"},"content":{"rendered":"\n<p>Yuridiana Sosa\/Zona Roja.<\/p>\n\n\n\n<p>Oaxaca de Ju\u00e1rez, Oax., a 4 de agosto de 2023.-El Comit\u00e9 Ejecutivo del Sindicato de Empleados del Instituto de Estudios de Bachillerato de Oaxaca (SEIEBO) denunci\u00f3 despidos injustificados y acoso laboral por parte del Gobierno del Estado ante la creaci\u00f3n de la gremial, por lo que exigi\u00f3 una mesa de di\u00e1logo con el gobernador Salom\u00f3n Jara Cruz.<\/p>\n\n\n\n<p>Los afectados e integrantes del sindicato expusieron en conferencia de prensa en la capital, que esta situaci\u00f3n laboral podr\u00eda afectar el regreso a clases para el nuevo ciclo escolar en las comunidades, as\u00ed como se reservan el derecho a la movilizaci\u00f3n en caso de no ser atendidas sus demandas.<\/p>\n\n\n\n<p>Tras la constituci\u00f3n del sindicato, reconocido legalmente en septiembre de 2021 y con contrato colectivo de trabajo en junio 2022, el hostigamiento laboral comenz\u00f3, concluyendo en julio de este a\u00f1o con despidos injustificados, se\u00f1al\u00f3 el Comit\u00e9 Ejecutivo.<\/p>\n\n\n\n<p>Hasta el momento son 12 los integrantes que han sido despedidos, de los que a cinco se les retuvo el salario desde el mes de abril.<\/p>\n\n\n\n<figure class=\"wp-block-embed is-type-rich is-provider-twitter wp-block-embed-twitter\"><div class=\"wp-block-embed__wrapper\">\n<div class=\"twitter-tweet\"><blockquote class=\"twitter-tweet\" data-lang=\"es\"><p lang=\"es\" dir=\"ltr\"><a href=\"https:\/\/twitter.com\/hashtag\/%C3%9AltilmoMinuto?src=hash&amp;ref_src=twsrc%5Etfw\">#\u00daltilmoMinuto<\/a><br>El comit\u00e9 ejecutivo del Sindicato de Empleados del Instituto de Estudios de Bachillerato de Oaxaca (SEIEBO) denuncia despidos laborales y acoso de la direcci\u00f3n que encabeza Francisco Salinas; exige di\u00e1logo con el <a href=\"https:\/\/twitter.com\/GobOax?ref_src=twsrc%5Etfw\">@goboax<\/a> y asegura que son un gremio legalmente\u2026 <a href=\"https:\/\/t.co\/xQRJRcqtvB\">pic.twitter.com\/xQRJRcqtvB<\/a><\/p>&mdash; Zona Roja Oaxaca (@ZonaRoja_Oaxaca) <a href=\"https:\/\/twitter.com\/ZonaRoja_Oaxaca\/status\/1687502490328264704?ref_src=twsrc%5Etfw\">4 de agosto de 2023<\/a><\/blockquote><\/div>\n<\/div><\/figure>\n\n\n\n<p>EL PROCESO<\/p>\n\n\n\n<p>La dirigencia explic\u00f3 que el pasado 6 de julio fueron citados por la direcci\u00f3n general del IEBO, que encabeza Francisco Salinas, a una reuni\u00f3n para tratar asuntos de su situaci\u00f3n laboral, en la que se les comunic\u00f3 de los despidos.<\/p>\n\n\n\n<p>Tras el hecho, el Sindicato inici\u00f3 con una jornada de protesta que deriv\u00f3 en una mesa de di\u00e1logo con representantes de la Secretar\u00eda de Gobierno y del Instituto, en la que se form\u00f3 una minuta de trabajo el 8 de julio.<\/p>\n\n\n\n<p>La minuta estableci\u00f3 el cese al hostigamiento laboral, respeto a su trabajo y procesos de di\u00e1logo, as\u00ed como una agenda de trabajo entre el IEBO y el SEIBO; la minuta no se cumpli\u00f3 y el 26 de julio el IEBO formaliz\u00f3 los despidos, en los que no se respet\u00f3 la antig\u00fcedad de hasta 23 a\u00f1os en algunos casos.<\/p>\n\n\n\n<p>Por lo que ahora el Comit\u00e9 Ejecutivo demand\u00f3 una reuni\u00f3n con el gobernador Salom\u00f3n Jara Cruz para exponerles su situaci\u00f3n y se reincorporen a los ex trabajadores a sus puestos laborales, no a la persecuci\u00f3n pol\u00edtica y eliminaci\u00f3n de las cuotas por concepto de inscripci\u00f3n, reinscripci\u00f3n y material de aprendizaje.<\/p>\n","protected":false},"excerpt":{"rendered":"<p>Yuridiana Sosa\/Zona Roja. Oaxaca de Ju\u00e1rez, Oax., a 4 de agosto de 2023.-El Comit\u00e9 Ejecutivo&hellip;<\/p>\n","protected":false},"author":2,"featured_media":58368,"comment_status":"closed","ping_status":"open","sticky":false,"template":"","format":"standard","meta":{"_lmt_disableupdate":"","_lmt_disable":"","_jetpack_memberships_contains_paid_content":false,"footnotes":""},"categories":[109,47],"tags":[2896],"class_list":["post-58373","post","type-post","status-publish","format-standard","has-post-thumbnail","hentry","category-minuto-a-minuto","category-zona-gris","tag-instituto-de-estudios-de-bachillerato-iebo"],"jetpack_featured_media_url":"https:\/\/zonaroja.com.mx\/wp-content\/uploads\/2023\/08\/Sindicato-de-Empleados-del-IEBO.jpg","jetpack_sharing_enabled":true,"_links":{"self":[{"href":"https:\/\/zonaroja.com.mx\/index.php?rest_route=\/wp\/v2\/posts\/58373","targetHints":{"allow":["GET"]}}],"collection":[{"href":"https:\/\/zonaroja.com.mx\/index.php?rest_route=\/wp\/v2\/posts"}],"about":[{"href":"https:\/\/zonaroja.com.mx\/index.php?rest_route=\/wp\/v2\/types\/post"}],"author":[{"embeddable":true,"href":"https:\/\/zonaroja.com.mx\/index.php?rest_route=\/wp\/v2\/users\/2"}],"replies":[{"embeddable":true,"href":"https:\/\/zonaroja.com.mx\/index.php?rest_route=%2Fwp%2Fv2%2Fcomments&post=58373"}],"version-history":[{"count":1,"href":"https:\/\/zonaroja.com.mx\/index.php?rest_route=\/wp\/v2\/posts\/58373\/revisions"}],"predecessor-version":[{"id":58374,"href":"https:\/\/zonaroja.com.mx\/index.php?rest_route=\/wp\/v2\/posts\/58373\/revisions\/58374"}],"wp:featuredmedia":[{"embeddable":true,"href":"https:\/\/zonaroja.com.mx\/index.php?rest_route=\/wp\/v2\/media\/58368"}],"wp:attachment":[{"href":"https:\/\/zonaroja.com.mx\/index.php?rest_route=%2Fwp%2Fv2%2Fmedia&parent=58373"}],"wp:term":[{"taxonomy":"category","embeddable":true,"href":"https:\/\/zonaroja.com.mx\/index.php?rest_route=%2Fwp%2Fv2%2Fcategories&post=58373"},{"taxonomy":"post_tag","embeddable":true,"href":"https:\/\/zonaroja.com.mx\/index.php?rest_route=%2Fwp%2Fv2%2Ftags&post=58373"}],"curies":[{"name":"wp","href":"https:\/\/api.w.org\/{rel}","templated":true}]}}