{"id":58375,"date":"2023-08-04T21:23:00","date_gmt":"2023-08-05T02:23:00","guid":{"rendered":"http:\/\/www.zonaroja.com.mx\/?p=58375"},"modified":"2023-08-04T20:39:51","modified_gmt":"2023-08-05T01:39:51","slug":"refuta-mult-acusaciones-de-emboscada-y-se-victimiza-tambien","status":"publish","type":"post","link":"https:\/\/zonaroja.com.mx\/?p=58375","title":{"rendered":"Refuta MULT acusaciones de emboscada\u2026 y se victimiza tambi\u00e9n"},"content":{"rendered":"\n<p>Ismael Garc\u00eda M.\/Zona Roja.<\/p>\n\n\n\n<p>Oaxaca de Ju\u00e1rez, Oax., a 4 de agosto de 2023.- El Movimiento de Unificaci\u00f3n y Lucha Triqui (MULT) rechaz\u00f3 haber perpetrado una emboscada ayer en la regi\u00f3n Mixteca de Oaxaca, con saldo de una mujer fallecida y al menos tres m\u00e1s lesionadas.<\/p>\n\n\n\n<p>En un comunicado, rebati\u00f3 los se\u00f1alamientos del MULTI y dijo que han sido tambi\u00e9n v\u00edctimas de diversos atentados y cr\u00edmenes, cuyos casos, asegura, no han logrado justicia.<\/p>\n\n\n\n<p>\u201cSe\u00f1alamos y exigimos al gobierno federal y estatal que se monte una base de manera permanente de la Polic\u00eda Estatal y la Guardia Nacional, en el punto donde ocurri\u00f3 el d\u00eda de ayer el lamentable acontecimiento, donde muere nuestra hermana Triqui y aclaramos que donde sucedi\u00f3 este lamentable hecho es dominado territorialmente por el grupo paramilitar del MULTI, y en ese mismo lugar han sido emboscados m\u00faltiples compa\u00f1eros, como es el caso del compa\u00f1ero Eleazar Ortiz Ram\u00edrez.&nbsp;<\/p>\n\n\n\n<p>\u201cEs por ello que nuestra organizaci\u00f3n se deslinda de las acusaciones falsas que nos hacen los paramilitares del MULTI, pedimos a la Fiscal\u00eda del Estado de Oaxaca que solicite los videos, ya que tenemos conocimiento que en las comunidades de Chayuco y Agua Fr\u00eda, existen c\u00e1maras que pueden aclarar el lamentable suceso y ayudar a la detenci\u00f3n de los culpables reales de asesinar a la compa\u00f1era\u201d, expuso en un comunicado.<\/p>\n\n\n\n<p>Luego detall\u00f3 que el 8 de agosto de 2022, fueron emboscados sus compa\u00f1eros de la comunidad de Tierra Blanca, donde falleci\u00f3 Mariano Cruz Garc\u00eda y resultaron heridas seis mujeres..<\/p>\n\n\n\n<p>En este a\u00f1o, el 9 de febrero emboscaron y asesinaron a tres de sus militantes, Leodegario Cruz de Jes\u00fas, Mar\u00eda Ram\u00edrez Mart\u00ednez y Gabina de Jes\u00fas Mart\u00ednez.<\/p>\n\n\n\n<p>En otra emboscada, asesinaron sobre la carretera federal a la altura de Yosoyuxi, a Gertrudis Cruz de Jes\u00fas y Gliserina Cruz Merino, \u201cen estos tres cobardes asesinatos hasta el d\u00eda de hoy no existen ni detenidos ni ordenes de aprensi\u00f3n en contra de los autores materiales e intelectuales\u201d, expuso el MULT.<\/p>\n\n\n\n<p>\u201cLa administraci\u00f3n de los conflictos por parte de los paramilitares, da como resultado los ba\u00f1os de sangre de nuestros hermanos, estos c\u00ednicos no tienen llenadera ni verg\u00fcenza, sus dobles discursos y los se\u00f1alamientos sin fundamento, los hacen ver como mentirosos y farsantes\u201d, remarc\u00f3.<\/p>\n\n\n\n<p>Demand\u00f3 a la Fiscal\u00eda General del Estado el pronto esclarecimiento de estos hechos y exhort\u00f3 a sus militantes \u201ca permanecer atentos de la actuaci\u00f3n del grup\u00fasculo criminal que sigue asesinando bajo la mirada c\u00f3mplice del poder\u201d.<\/p>\n\n\n\n<figure class=\"wp-block-embed is-type-rich is-provider-twitter wp-block-embed-twitter\"><div class=\"wp-block-embed__wrapper\">\n<div class=\"twitter-tweet\"><blockquote class=\"twitter-tweet\" data-lang=\"es\"><p lang=\"es\" dir=\"ltr\">Sigue la guerra de acusaciones entre organizaciones triquis de Oaxaca. <br>Ahora el <a href=\"https:\/\/twitter.com\/siimachumaa?ref_src=twsrc%5Etfw\">@siimachumaa<\/a> se deslinda de los hechos de violencia de ayer que le atribuye el <a href=\"https:\/\/twitter.com\/MULTI_Oficial1?ref_src=twsrc%5Etfw\">@MULTI_Oficial1<\/a>.<br>Y reclama tambi\u00e9n justicia para las v\u00edctimas de su gremio. <a href=\"https:\/\/t.co\/9CMVhMeqCH\">pic.twitter.com\/9CMVhMeqCH<\/a><\/p>&mdash; Zona Roja Oaxaca (@ZonaRoja_Oaxaca) <a href=\"https:\/\/twitter.com\/ZonaRoja_Oaxaca\/status\/1687533864129032193?ref_src=twsrc%5Etfw\">4 de agosto de 2023<\/a><\/blockquote><\/div>\n<\/div><\/figure>\n","protected":false},"excerpt":{"rendered":"<p>Ismael Garc\u00eda M.\/Zona Roja. Oaxaca de Ju\u00e1rez, Oax., a 4 de agosto de 2023.- El&hellip;<\/p>\n","protected":false},"author":2,"featured_media":29765,"comment_status":"closed","ping_status":"open","sticky":false,"template":"","format":"standard","meta":{"_lmt_disableupdate":"","_lmt_disable":"","_jetpack_memberships_contains_paid_content":false,"footnotes":""},"categories":[109,47],"tags":[2411],"class_list":["post-58375","post","type-post","status-publish","format-standard","has-post-thumbnail","hentry","category-minuto-a-minuto","category-zona-gris","tag-movimiento-de-unificacion-y-lucha-triqui-independiente-multi"],"jetpack_featured_media_url":"https:\/\/zonaroja.com.mx\/wp-content\/uploads\/2021\/07\/Movimiento-de-Unificacion-y-Lucha-Triqui-MULT.jpg","jetpack_sharing_enabled":true,"_links":{"self":[{"href":"https:\/\/zonaroja.com.mx\/index.php?rest_route=\/wp\/v2\/posts\/58375","targetHints":{"allow":["GET"]}}],"collection":[{"href":"https:\/\/zonaroja.com.mx\/index.php?rest_route=\/wp\/v2\/posts"}],"about":[{"href":"https:\/\/zonaroja.com.mx\/index.php?rest_route=\/wp\/v2\/types\/post"}],"author":[{"embeddable":true,"href":"https:\/\/zonaroja.com.mx\/index.php?rest_route=\/wp\/v2\/users\/2"}],"replies":[{"embeddable":true,"href":"https:\/\/zonaroja.com.mx\/index.php?rest_route=%2Fwp%2Fv2%2Fcomments&post=58375"}],"version-history":[{"count":2,"href":"https:\/\/zonaroja.com.mx\/index.php?rest_route=\/wp\/v2\/posts\/58375\/revisions"}],"predecessor-version":[{"id":58377,"href":"https:\/\/zonaroja.com.mx\/index.php?rest_route=\/wp\/v2\/posts\/58375\/revisions\/58377"}],"wp:featuredmedia":[{"embeddable":true,"href":"https:\/\/zonaroja.com.mx\/index.php?rest_route=\/wp\/v2\/media\/29765"}],"wp:attachment":[{"href":"https:\/\/zonaroja.com.mx\/index.php?rest_route=%2Fwp%2Fv2%2Fmedia&parent=58375"}],"wp:term":[{"taxonomy":"category","embeddable":true,"href":"https:\/\/zonaroja.com.mx\/index.php?rest_route=%2Fwp%2Fv2%2Fcategories&post=58375"},{"taxonomy":"post_tag","embeddable":true,"href":"https:\/\/zonaroja.com.mx\/index.php?rest_route=%2Fwp%2Fv2%2Ftags&post=58375"}],"curies":[{"name":"wp","href":"https:\/\/api.w.org\/{rel}","templated":true}]}}