{"id":58378,"date":"2023-08-04T21:39:00","date_gmt":"2023-08-05T02:39:00","guid":{"rendered":"http:\/\/www.zonaroja.com.mx\/?p=58378"},"modified":"2023-08-04T21:08:23","modified_gmt":"2023-08-05T02:08:23","slug":"autoridad-de-cdmx-detiene-a-fiscal-de-morelos-este-acusa-revancha-politica","status":"publish","type":"post","link":"https:\/\/zonaroja.com.mx\/?p=58378","title":{"rendered":"Autoridad de Cdmx detiene a fiscal de Morelos; \u00e9ste acusa revancha pol\u00edtica"},"content":{"rendered":"\n<p>Redacci\u00f3n\/Zona Roja Cdmx.<\/p>\n\n\n\n<p>Ciudad de M\u00e9xico, a 4 de agosto de 2023.- Polic\u00edas de la Ciudad de M\u00e9xico y fuerzas federales detuvieron hoy en Cuernavaca al Fiscal General del Estado de Morelos, Uriel Carmona G\u00e1ndara, por presunta obstrucci\u00f3n de la justicia en el caso del feminicidio de Ariadna Fernanda.<\/p>\n\n\n\n<p>El abogado acus\u00f3 a su vez que su detenci\u00f3n se debe a una persecuci\u00f3n pol\u00edtica girada en su contra derivado de las investigaciones que estaba llevando a cabo en contra del gobernador de Morelos, Cuauht\u00e9moc Blanco.&nbsp;<\/p>\n\n\n\n<p>Se\u00f1al\u00f3 que Cuauht\u00e9moc Blanco tiene una serie de denuncias penales en su contra, las cuales fueron presentadas ante el Ministerio P\u00fablico que \u00e9l dirige, cuesti\u00f3n que reitera que es la causante de su detenci\u00f3n.&nbsp;<\/p>\n\n\n\n<p>\u00abTodo es para proteger a Cuauht\u00e9moc Blanco. Por un tema pol\u00edtico, se me va a privar de la libertad o de la vida, o de mi familia, todo por proteger a un gobernador que tiene denuncias penales ante el Ministerio P\u00fablico que yo presido\u00bb, se\u00f1al\u00f3 Uriel Carmona en una entrevista con el periodista Joaqu\u00edn L\u00f3pez-D\u00f3riga.<\/p>\n\n\n\n<p>El titular de la Fiscal\u00eda de Morelos acus\u00f3 que dicha persecuci\u00f3n pol\u00edtica est\u00e1 encabezada por el presidente Andr\u00e9s Manuel L\u00f3pez Obrador, la exjefa de Gobierno de la Ciudad de M\u00e9xico, Claudia Sheinbaum, y la titular de la Fiscal\u00eda General de Justicia de la Ciudad de M\u00e9xico (FGJCDMX), Ernestina Godoy.&nbsp;<\/p>\n\n\n\n<p>Carmona G\u00e1ndara resalt\u00f3 que tambi\u00e9n ha sido v\u00edctima de campa\u00f1as de desprestigio y presiones iniciadas por Ad\u00e1n Augusto L\u00f3pez, exsecretario de Gobernaci\u00f3n, Olga S\u00e1nchez Cordero, senadora de Morena que fungi\u00f3 como secretaria de Gobernaci\u00f3n, Julio Scherer, exconsejero de la Presidencia de la Rep\u00fablica, y por Rabindranath Salazar, coordinador general de Pol\u00edtica y Gobierno de la Presidencia de la Rep\u00fablica.&nbsp;<\/p>\n\n\n\n<p>Tras su detenci\u00f3n, fue llevado a un reclusorio de la capital del pa\u00eds en tanto se lleva la audiencia de vinculaci\u00f3n a proceso.<\/p>\n\n\n\n<p>(Informaci\u00f3n de Pol\u00edtico Mx)<\/p>\n\n\n\n<figure class=\"wp-block-embed is-type-rich is-provider-twitter wp-block-embed-twitter\"><div class=\"wp-block-embed__wrapper\">\n<div class=\"twitter-tweet\"><blockquote class=\"twitter-tweet\" data-lang=\"es\"><p lang=\"es\" dir=\"ltr\">La Fiscal\u00eda de la Ciudad de M\u00e9xico confirm\u00f3 la detenci\u00f3n del fiscal del estado de Morelos,  Uriel Carmona, e informa que fue por su probable participaci\u00f3n contra la procuraci\u00f3n de justicia en el caso del feminicidio de Ariadna Fernanda, &quot;posiblemente realiz\u00f3 una serie de\u2026 <a href=\"https:\/\/t.co\/LFKDrZVx8Z\">pic.twitter.com\/LFKDrZVx8Z<\/a><\/p>&mdash; Zona Roja Oaxaca (@ZonaRoja_Oaxaca) <a href=\"https:\/\/twitter.com\/ZonaRoja_Oaxaca\/status\/1687591921374359552?ref_src=twsrc%5Etfw\">4 de agosto de 2023<\/a><\/blockquote><\/div>\n<\/div><\/figure>\n","protected":false},"excerpt":{"rendered":"<p>Redacci\u00f3n\/Zona Roja Cdmx. Ciudad de M\u00e9xico, a 4 de agosto de 2023.- Polic\u00edas de la&hellip;<\/p>\n","protected":false},"author":2,"featured_media":58379,"comment_status":"closed","ping_status":"open","sticky":false,"template":"","format":"standard","meta":{"_lmt_disableupdate":"","_lmt_disable":"","_jetpack_memberships_contains_paid_content":false,"footnotes":""},"categories":[109,47],"tags":[3635],"class_list":["post-58378","post","type-post","status-publish","format-standard","has-post-thumbnail","hentry","category-minuto-a-minuto","category-zona-gris","tag-fiscal-uriel-carmona-gandara"],"jetpack_featured_media_url":"https:\/\/zonaroja.com.mx\/wp-content\/uploads\/2023\/08\/Fiscal-Uriel-Carmona-Morelos.jpeg","jetpack_sharing_enabled":true,"_links":{"self":[{"href":"https:\/\/zonaroja.com.mx\/index.php?rest_route=\/wp\/v2\/posts\/58378","targetHints":{"allow":["GET"]}}],"collection":[{"href":"https:\/\/zonaroja.com.mx\/index.php?rest_route=\/wp\/v2\/posts"}],"about":[{"href":"https:\/\/zonaroja.com.mx\/index.php?rest_route=\/wp\/v2\/types\/post"}],"author":[{"embeddable":true,"href":"https:\/\/zonaroja.com.mx\/index.php?rest_route=\/wp\/v2\/users\/2"}],"replies":[{"embeddable":true,"href":"https:\/\/zonaroja.com.mx\/index.php?rest_route=%2Fwp%2Fv2%2Fcomments&post=58378"}],"version-history":[{"count":1,"href":"https:\/\/zonaroja.com.mx\/index.php?rest_route=\/wp\/v2\/posts\/58378\/revisions"}],"predecessor-version":[{"id":58380,"href":"https:\/\/zonaroja.com.mx\/index.php?rest_route=\/wp\/v2\/posts\/58378\/revisions\/58380"}],"wp:featuredmedia":[{"embeddable":true,"href":"https:\/\/zonaroja.com.mx\/index.php?rest_route=\/wp\/v2\/media\/58379"}],"wp:attachment":[{"href":"https:\/\/zonaroja.com.mx\/index.php?rest_route=%2Fwp%2Fv2%2Fmedia&parent=58378"}],"wp:term":[{"taxonomy":"category","embeddable":true,"href":"https:\/\/zonaroja.com.mx\/index.php?rest_route=%2Fwp%2Fv2%2Fcategories&post=58378"},{"taxonomy":"post_tag","embeddable":true,"href":"https:\/\/zonaroja.com.mx\/index.php?rest_route=%2Fwp%2Fv2%2Ftags&post=58378"}],"curies":[{"name":"wp","href":"https:\/\/api.w.org\/{rel}","templated":true}]}}